{"id":6161,"date":"2021-11-09T14:03:03","date_gmt":"2021-11-09T13:03:03","guid":{"rendered":"https:\/\/comunitaria.es\/?p=6161"},"modified":"2021-11-09T16:09:57","modified_gmt":"2021-11-09T15:09:57","slug":"fons-de-reserva","status":"publish","type":"post","link":"https:\/\/comunitaria.es\/ca\/fons-de-reserva\/","title":{"rendered":"El fons de reserva a les Comunitats. Per a qu\u00e8 serveix?"},"content":{"rendered":"<p><strong>Qu\u00e8 \u00e9s el Fons de Reserva? <\/strong><\/p>\n<p>Totes les Comunitats de Propietaris estan obligades a crear un fons i tots els propietaris han d&#8217;aportar segons el seu coeficient de participaci\u00f3 encara que no estiguin obligats a algunes despeses comunit\u00e0ries com poden ser els \u00a0locals comercials, \u00a0si han de contribuir a aquest fons de reserva. L&#8217;import m\u00ednim \u00e9s del 5% del pressupost anual aprovat.<\/p>\n<p>&nbsp;<\/p>\n<p><strong>Per a qu\u00e8 serveix el fons?<\/strong><\/p>\n<p>Per fer front a les despeses de conservaci\u00f3, obres, reparacions i rehabilitaci\u00f3 dels elements comuns, en el cas de Catalunya es poden destinar a obres d&#8217;instal\u00b7laci\u00f3 de nous serveis i tamb\u00e9 per a obres de seguretat.<\/p>\n<p>&nbsp;<\/p>\n<p><strong>Per a qu\u00e8 no estan?<\/strong><\/p>\n<p>No es poden utilitzar per a altres despeses de les indicades, encara que fossin en benefici de la comunitat (per exemple, el pagament de l&#8217;electricitat, la quota peri\u00f2dica de l&#8217;ascensor et), de manera que podrien ser impugnats judicialment.<\/p>\n<p><strong>\u00a0<\/strong><\/p>\n<p><strong>De qui \u00e9s el fons? <\/strong><\/p>\n<p>\u00c9s de la Comunitat i no dels propietaris. Es tracta d&#8217;aportacions definitives i irreversibles i cap propietari pot sol\u00b7licitar el seu reemborsament.<\/p>\n<p>En el cas d&#8217;estar per sota d&#8217;aquest 5%, s&#8217;han de regularitzar en els seg\u00fcents pressupostos anuals.<\/p>\n<p>&nbsp;<\/p>\n<p>A Comunitaria, especialistes en la gesti\u00f3 de les Comunitats de Propietaris a Lleida, et podem ajudar<\/p>\n","protected":false},"excerpt":{"rendered":"<p>Qu\u00e8 \u00e9s el Fons de Reserva? Totes les Comunitats de Propietaris estan obligades a crear un fons i tots els propietaris han d&#8217;aportar segons el seu coeficient de participaci\u00f3 encara que no estiguin obligats a algunes despeses comunit\u00e0ries com poden ser els \u00a0locals comercials, \u00a0si han de contribuir a aquest fons de reserva. L&#8217;import m\u00ednim&hellip;<\/p>\n","protected":false},"author":2,"featured_media":6166,"comment_status":"closed","ping_status":"closed","sticky":false,"template":"","format":"standard","meta":{"_joinchat":[],"footnotes":""},"categories":[9],"tags":[],"class_list":["post-6161","post","type-post","status-publish","format-standard","has-post-thumbnail","hentry","category-noticies","category-9","description-off"],"yoast_head":"<!-- This site is optimized with the Yoast SEO plugin v28.3 - https:\/\/yoast.com\/product\/yoast-seo-wordpress\/ -->\n<title>El fons de reserva a les Comunitats. Per a qu\u00e8 serveix? - Comunit\u00e0ria - Administraci\u00f3 i Serveis<\/title>\n<meta name=\"description\" content=\"Els fons de reserva serveixen per fer front a les despeses de conservaci\u00f3, obres, reparacions i rehabilitaci\u00f3 dels elements comuns\" \/>\n<meta name=\"robots\" content=\"index, follow, max-snippet:-1, max-image-preview:large, max-video-preview:-1\" \/>\n<link rel=\"canonical\" href=\"https:\/\/comunitaria.es\/ca\/fons-de-reserva\/\" \/>\n<meta property=\"og:locale\" content=\"ca_ES\" \/>\n<meta property=\"og:type\" content=\"article\" \/>\n<meta property=\"og:title\" content=\"El fons de reserva a les Comunitats. Per a qu\u00e8 serveix? - Comunit\u00e0ria - Administraci\u00f3 i Serveis\" \/>\n<meta property=\"og:description\" content=\"Els fons de reserva serveixen per fer front a les despeses de conservaci\u00f3, obres, reparacions i rehabilitaci\u00f3 dels elements comuns\" \/>\n<meta property=\"og:url\" content=\"https:\/\/comunitaria.es\/ca\/fons-de-reserva\/\" \/>\n<meta property=\"og:site_name\" content=\"Comunit\u00e0ria - Administraci\u00f3 i Serveis\" \/>\n<meta property=\"article:published_time\" content=\"2021-11-09T13:03:03+00:00\" \/>\n<meta property=\"article:modified_time\" content=\"2021-11-09T15:09:57+00:00\" \/>\n<meta property=\"og:image\" content=\"https:\/\/www.comunitaria.es\/wp-content\/uploads\/2021\/11\/fons-de-reserva-FILEminimizer.jpg\" \/>\n\t<meta property=\"og:image:width\" content=\"1920\" \/>\n\t<meta property=\"og:image:height\" content=\"556\" \/>\n\t<meta property=\"og:image:type\" content=\"image\/jpeg\" \/>\n<meta name=\"author\" content=\"Jordi Rabinat\" \/>\n<meta name=\"twitter:card\" content=\"summary_large_image\" \/>\n<meta name=\"twitter:label1\" content=\"Written by\" \/>\n\t<meta name=\"twitter:data1\" content=\"Jordi Rabinat\" \/>\n\t<meta name=\"twitter:label2\" content=\"Est. reading time\" \/>\n\t<meta name=\"twitter:data2\" content=\"1 minute\" \/>\n<script type=\"application\/ld+json\" class=\"yoast-schema-graph\">{\"@context\":\"https:\\\/\\\/schema.org\",\"@graph\":[{\"@type\":\"Article\",\"@id\":\"https:\\\/\\\/comunitaria.es\\\/ca\\\/fons-de-reserva\\\/#article\",\"isPartOf\":{\"@id\":\"https:\\\/\\\/comunitaria.es\\\/ca\\\/fons-de-reserva\\\/\"},\"author\":{\"name\":\"Jordi Rabinat\",\"@id\":\"https:\\\/\\\/comunitaria.es\\\/ca\\\/#\\\/schema\\\/person\\\/2a36b19753560c6dc21f74a3e203685e\"},\"headline\":\"El fons de reserva a les Comunitats. Per a qu\u00e8 serveix?\",\"datePublished\":\"2021-11-09T13:03:03+00:00\",\"dateModified\":\"2021-11-09T15:09:57+00:00\",\"mainEntityOfPage\":{\"@id\":\"https:\\\/\\\/comunitaria.es\\\/ca\\\/fons-de-reserva\\\/\"},\"wordCount\":224,\"publisher\":{\"@id\":\"https:\\\/\\\/comunitaria.es\\\/ca\\\/#organization\"},\"image\":{\"@id\":\"https:\\\/\\\/comunitaria.es\\\/ca\\\/fons-de-reserva\\\/#primaryimage\"},\"thumbnailUrl\":\"https:\\\/\\\/comunitaria.es\\\/wp-content\\\/uploads\\\/2021\\\/11\\\/fons-de-reserva-FILEminimizer.jpg\",\"articleSection\":[\"Noticies\"],\"inLanguage\":\"ca\"},{\"@type\":\"WebPage\",\"@id\":\"https:\\\/\\\/comunitaria.es\\\/ca\\\/fons-de-reserva\\\/\",\"url\":\"https:\\\/\\\/comunitaria.es\\\/ca\\\/fons-de-reserva\\\/\",\"name\":\"El fons de reserva a les Comunitats. Per a qu\u00e8 serveix? - Comunit\u00e0ria - Administraci\u00f3 i Serveis\",\"isPartOf\":{\"@id\":\"https:\\\/\\\/comunitaria.es\\\/ca\\\/#website\"},\"primaryImageOfPage\":{\"@id\":\"https:\\\/\\\/comunitaria.es\\\/ca\\\/fons-de-reserva\\\/#primaryimage\"},\"image\":{\"@id\":\"https:\\\/\\\/comunitaria.es\\\/ca\\\/fons-de-reserva\\\/#primaryimage\"},\"thumbnailUrl\":\"https:\\\/\\\/comunitaria.es\\\/wp-content\\\/uploads\\\/2021\\\/11\\\/fons-de-reserva-FILEminimizer.jpg\",\"datePublished\":\"2021-11-09T13:03:03+00:00\",\"dateModified\":\"2021-11-09T15:09:57+00:00\",\"description\":\"Els fons de reserva serveixen per fer front a les despeses de conservaci\u00f3, obres, reparacions i rehabilitaci\u00f3 dels elements comuns\",\"breadcrumb\":{\"@id\":\"https:\\\/\\\/comunitaria.es\\\/ca\\\/fons-de-reserva\\\/#breadcrumb\"},\"inLanguage\":\"ca\",\"potentialAction\":[{\"@type\":\"ReadAction\",\"target\":[\"https:\\\/\\\/comunitaria.es\\\/ca\\\/fons-de-reserva\\\/\"]}]},{\"@type\":\"ImageObject\",\"inLanguage\":\"ca\",\"@id\":\"https:\\\/\\\/comunitaria.es\\\/ca\\\/fons-de-reserva\\\/#primaryimage\",\"url\":\"https:\\\/\\\/comunitaria.es\\\/wp-content\\\/uploads\\\/2021\\\/11\\\/fons-de-reserva-FILEminimizer.jpg\",\"contentUrl\":\"https:\\\/\\\/comunitaria.es\\\/wp-content\\\/uploads\\\/2021\\\/11\\\/fons-de-reserva-FILEminimizer.jpg\",\"width\":1920,\"height\":556,\"caption\":\"fons de reserva\"},{\"@type\":\"BreadcrumbList\",\"@id\":\"https:\\\/\\\/comunitaria.es\\\/ca\\\/fons-de-reserva\\\/#breadcrumb\",\"itemListElement\":[{\"@type\":\"ListItem\",\"position\":1,\"name\":\"Portada\",\"item\":\"https:\\\/\\\/comunitaria.es\\\/ca\\\/\"},{\"@type\":\"ListItem\",\"position\":2,\"name\":\"El fons de reserva a les Comunitats. Per a qu\u00e8 serveix?\"}]},{\"@type\":\"WebSite\",\"@id\":\"https:\\\/\\\/comunitaria.es\\\/ca\\\/#website\",\"url\":\"https:\\\/\\\/comunitaria.es\\\/ca\\\/\",\"name\":\"Comunit\u00e0ria - Administraci\u00f3 i Serveis\",\"description\":\"\",\"publisher\":{\"@id\":\"https:\\\/\\\/comunitaria.es\\\/ca\\\/#organization\"},\"potentialAction\":[{\"@type\":\"SearchAction\",\"target\":{\"@type\":\"EntryPoint\",\"urlTemplate\":\"https:\\\/\\\/comunitaria.es\\\/ca\\\/?s={search_term_string}\"},\"query-input\":{\"@type\":\"PropertyValueSpecification\",\"valueRequired\":true,\"valueName\":\"search_term_string\"}}],\"inLanguage\":\"ca\"},{\"@type\":\"Organization\",\"@id\":\"https:\\\/\\\/comunitaria.es\\\/ca\\\/#organization\",\"name\":\"Comunitaria Administraci\u00f3 i Serveis SL\",\"url\":\"https:\\\/\\\/comunitaria.es\\\/ca\\\/\",\"logo\":{\"@type\":\"ImageObject\",\"inLanguage\":\"ca\",\"@id\":\"https:\\\/\\\/comunitaria.es\\\/ca\\\/#\\\/schema\\\/logo\\\/image\\\/\",\"url\":\"https:\\\/\\\/www.comunitaria.es\\\/wp-content\\\/uploads\\\/2020\\\/05\\\/logo-comunitaria-25.png\",\"contentUrl\":\"https:\\\/\\\/www.comunitaria.es\\\/wp-content\\\/uploads\\\/2020\\\/05\\\/logo-comunitaria-25.png\",\"width\":225,\"height\":104,\"caption\":\"Comunitaria Administraci\u00f3 i Serveis SL\"},\"image\":{\"@id\":\"https:\\\/\\\/comunitaria.es\\\/ca\\\/#\\\/schema\\\/logo\\\/image\\\/\"}},{\"@type\":\"Person\",\"@id\":\"https:\\\/\\\/comunitaria.es\\\/ca\\\/#\\\/schema\\\/person\\\/2a36b19753560c6dc21f74a3e203685e\",\"name\":\"Jordi Rabinat\",\"image\":{\"@type\":\"ImageObject\",\"inLanguage\":\"ca\",\"@id\":\"https:\\\/\\\/secure.gravatar.com\\\/avatar\\\/3cd1bf0f1725d960583d0a5f495cb186f775ab8484b40ea4de0a067d699dadd0?s=96&d=mm&r=g\",\"url\":\"https:\\\/\\\/secure.gravatar.com\\\/avatar\\\/3cd1bf0f1725d960583d0a5f495cb186f775ab8484b40ea4de0a067d699dadd0?s=96&d=mm&r=g\",\"contentUrl\":\"https:\\\/\\\/secure.gravatar.com\\\/avatar\\\/3cd1bf0f1725d960583d0a5f495cb186f775ab8484b40ea4de0a067d699dadd0?s=96&d=mm&r=g\",\"caption\":\"Jordi Rabinat\"},\"sameAs\":[\"http:\\\/\\\/comunitaria\"]}]}<\/script>\n<!-- \/ Yoast SEO plugin. -->","yoast_head_json":{"title":"El fons de reserva a les Comunitats. Per a qu\u00e8 serveix? - Comunit\u00e0ria - Administraci\u00f3 i Serveis","description":"Els fons de reserva serveixen per fer front a les despeses de conservaci\u00f3, obres, reparacions i rehabilitaci\u00f3 dels elements comuns","robots":{"index":"index","follow":"follow","max-snippet":"max-snippet:-1","max-image-preview":"max-image-preview:large","max-video-preview":"max-video-preview:-1"},"canonical":"https:\/\/comunitaria.es\/ca\/fons-de-reserva\/","og_locale":"ca_ES","og_type":"article","og_title":"El fons de reserva a les Comunitats. Per a qu\u00e8 serveix? - Comunit\u00e0ria - Administraci\u00f3 i Serveis","og_description":"Els fons de reserva serveixen per fer front a les despeses de conservaci\u00f3, obres, reparacions i rehabilitaci\u00f3 dels elements comuns","og_url":"https:\/\/comunitaria.es\/ca\/fons-de-reserva\/","og_site_name":"Comunit\u00e0ria - Administraci\u00f3 i Serveis","article_published_time":"2021-11-09T13:03:03+00:00","article_modified_time":"2021-11-09T15:09:57+00:00","og_image":[{"width":1920,"height":556,"url":"https:\/\/www.comunitaria.es\/wp-content\/uploads\/2021\/11\/fons-de-reserva-FILEminimizer.jpg","type":"image\/jpeg"}],"author":"Jordi Rabinat","twitter_card":"summary_large_image","twitter_misc":{"Written by":"Jordi Rabinat","Est. reading time":"1 minute"},"schema":{"@context":"https:\/\/schema.org","@graph":[{"@type":"Article","@id":"https:\/\/comunitaria.es\/ca\/fons-de-reserva\/#article","isPartOf":{"@id":"https:\/\/comunitaria.es\/ca\/fons-de-reserva\/"},"author":{"name":"Jordi Rabinat","@id":"https:\/\/comunitaria.es\/ca\/#\/schema\/person\/2a36b19753560c6dc21f74a3e203685e"},"headline":"El fons de reserva a les Comunitats. Per a qu\u00e8 serveix?","datePublished":"2021-11-09T13:03:03+00:00","dateModified":"2021-11-09T15:09:57+00:00","mainEntityOfPage":{"@id":"https:\/\/comunitaria.es\/ca\/fons-de-reserva\/"},"wordCount":224,"publisher":{"@id":"https:\/\/comunitaria.es\/ca\/#organization"},"image":{"@id":"https:\/\/comunitaria.es\/ca\/fons-de-reserva\/#primaryimage"},"thumbnailUrl":"https:\/\/comunitaria.es\/wp-content\/uploads\/2021\/11\/fons-de-reserva-FILEminimizer.jpg","articleSection":["Noticies"],"inLanguage":"ca"},{"@type":"WebPage","@id":"https:\/\/comunitaria.es\/ca\/fons-de-reserva\/","url":"https:\/\/comunitaria.es\/ca\/fons-de-reserva\/","name":"El fons de reserva a les Comunitats. Per a qu\u00e8 serveix? - Comunit\u00e0ria - Administraci\u00f3 i Serveis","isPartOf":{"@id":"https:\/\/comunitaria.es\/ca\/#website"},"primaryImageOfPage":{"@id":"https:\/\/comunitaria.es\/ca\/fons-de-reserva\/#primaryimage"},"image":{"@id":"https:\/\/comunitaria.es\/ca\/fons-de-reserva\/#primaryimage"},"thumbnailUrl":"https:\/\/comunitaria.es\/wp-content\/uploads\/2021\/11\/fons-de-reserva-FILEminimizer.jpg","datePublished":"2021-11-09T13:03:03+00:00","dateModified":"2021-11-09T15:09:57+00:00","description":"Els fons de reserva serveixen per fer front a les despeses de conservaci\u00f3, obres, reparacions i rehabilitaci\u00f3 dels elements comuns","breadcrumb":{"@id":"https:\/\/comunitaria.es\/ca\/fons-de-reserva\/#breadcrumb"},"inLanguage":"ca","potentialAction":[{"@type":"ReadAction","target":["https:\/\/comunitaria.es\/ca\/fons-de-reserva\/"]}]},{"@type":"ImageObject","inLanguage":"ca","@id":"https:\/\/comunitaria.es\/ca\/fons-de-reserva\/#primaryimage","url":"https:\/\/comunitaria.es\/wp-content\/uploads\/2021\/11\/fons-de-reserva-FILEminimizer.jpg","contentUrl":"https:\/\/comunitaria.es\/wp-content\/uploads\/2021\/11\/fons-de-reserva-FILEminimizer.jpg","width":1920,"height":556,"caption":"fons de reserva"},{"@type":"BreadcrumbList","@id":"https:\/\/comunitaria.es\/ca\/fons-de-reserva\/#breadcrumb","itemListElement":[{"@type":"ListItem","position":1,"name":"Portada","item":"https:\/\/comunitaria.es\/ca\/"},{"@type":"ListItem","position":2,"name":"El fons de reserva a les Comunitats. Per a qu\u00e8 serveix?"}]},{"@type":"WebSite","@id":"https:\/\/comunitaria.es\/ca\/#website","url":"https:\/\/comunitaria.es\/ca\/","name":"Comunit\u00e0ria - Administraci\u00f3 i Serveis","description":"","publisher":{"@id":"https:\/\/comunitaria.es\/ca\/#organization"},"potentialAction":[{"@type":"SearchAction","target":{"@type":"EntryPoint","urlTemplate":"https:\/\/comunitaria.es\/ca\/?s={search_term_string}"},"query-input":{"@type":"PropertyValueSpecification","valueRequired":true,"valueName":"search_term_string"}}],"inLanguage":"ca"},{"@type":"Organization","@id":"https:\/\/comunitaria.es\/ca\/#organization","name":"Comunitaria Administraci\u00f3 i Serveis SL","url":"https:\/\/comunitaria.es\/ca\/","logo":{"@type":"ImageObject","inLanguage":"ca","@id":"https:\/\/comunitaria.es\/ca\/#\/schema\/logo\/image\/","url":"https:\/\/www.comunitaria.es\/wp-content\/uploads\/2020\/05\/logo-comunitaria-25.png","contentUrl":"https:\/\/www.comunitaria.es\/wp-content\/uploads\/2020\/05\/logo-comunitaria-25.png","width":225,"height":104,"caption":"Comunitaria Administraci\u00f3 i Serveis SL"},"image":{"@id":"https:\/\/comunitaria.es\/ca\/#\/schema\/logo\/image\/"}},{"@type":"Person","@id":"https:\/\/comunitaria.es\/ca\/#\/schema\/person\/2a36b19753560c6dc21f74a3e203685e","name":"Jordi Rabinat","image":{"@type":"ImageObject","inLanguage":"ca","@id":"https:\/\/secure.gravatar.com\/avatar\/3cd1bf0f1725d960583d0a5f495cb186f775ab8484b40ea4de0a067d699dadd0?s=96&d=mm&r=g","url":"https:\/\/secure.gravatar.com\/avatar\/3cd1bf0f1725d960583d0a5f495cb186f775ab8484b40ea4de0a067d699dadd0?s=96&d=mm&r=g","contentUrl":"https:\/\/secure.gravatar.com\/avatar\/3cd1bf0f1725d960583d0a5f495cb186f775ab8484b40ea4de0a067d699dadd0?s=96&d=mm&r=g","caption":"Jordi Rabinat"},"sameAs":["http:\/\/comunitaria"]}]}},"_links":{"self":[{"href":"https:\/\/comunitaria.es\/ca\/wp-json\/wp\/v2\/posts\/6161","targetHints":{"allow":["GET"]}}],"collection":[{"href":"https:\/\/comunitaria.es\/ca\/wp-json\/wp\/v2\/posts"}],"about":[{"href":"https:\/\/comunitaria.es\/ca\/wp-json\/wp\/v2\/types\/post"}],"author":[{"embeddable":true,"href":"https:\/\/comunitaria.es\/ca\/wp-json\/wp\/v2\/users\/2"}],"replies":[{"embeddable":true,"href":"https:\/\/comunitaria.es\/ca\/wp-json\/wp\/v2\/comments?post=6161"}],"version-history":[{"count":3,"href":"https:\/\/comunitaria.es\/ca\/wp-json\/wp\/v2\/posts\/6161\/revisions"}],"predecessor-version":[{"id":6168,"href":"https:\/\/comunitaria.es\/ca\/wp-json\/wp\/v2\/posts\/6161\/revisions\/6168"}],"wp:featuredmedia":[{"embeddable":true,"href":"https:\/\/comunitaria.es\/ca\/wp-json\/wp\/v2\/media\/6166"}],"wp:attachment":[{"href":"https:\/\/comunitaria.es\/ca\/wp-json\/wp\/v2\/media?parent=6161"}],"wp:term":[{"taxonomy":"category","embeddable":true,"href":"https:\/\/comunitaria.es\/ca\/wp-json\/wp\/v2\/categories?post=6161"},{"taxonomy":"post_tag","embeddable":true,"href":"https:\/\/comunitaria.es\/ca\/wp-json\/wp\/v2\/tags?post=6161"}],"curies":[{"name":"wp","href":"https:\/\/api.w.org\/{rel}","templated":true}]}}