{"id":5449,"date":"2021-02-12T15:23:42","date_gmt":"2021-02-12T14:23:42","guid":{"rendered":"https:\/\/comunitaria.es\/?p=5449"},"modified":"2021-02-12T15:23:42","modified_gmt":"2021-02-12T14:23:42","slug":"per-que-disposar-dun-administrador-colegiat","status":"publish","type":"post","link":"https:\/\/comunitaria.es\/ca\/per-que-disposar-dun-administrador-colegiat\/","title":{"rendered":"Per a qu\u00e8 es necessari disposar d&#8217;un administrador de finques col\u00b7legiat?"},"content":{"rendered":"<p>L&#8217;art. 553-18 del Llibre V del Codi Civil Catal\u00e0, regula la figura de l&#8217;Administrador de Finques, de manera general aquest article regula entre les funcions de l&#8217;administrador, les de prendre les mesures convenients per a la conservaci\u00f3 i bon funcionament dels serveis de la Comunitat, preparar els comptes anuals i el pressupost, realitzar els cobraments i els pagaments que corresponguin, i executar els acords de la Junta de Propietaris.<\/p>\n<p>Cada dia \u00e9s m\u00e9s important aquesta figura perqu\u00e8 a m\u00e9s d&#8217;aquestes funcions habituals des de sempre, existeixen altres funcions que per a molts propietaris s\u00f3n desconegudes com s\u00f3n :<\/p>\n<ul>\n<li>Les Obligacions de <strong>presentaci\u00f3 dels models fiscals<\/strong> de la Comunitat, en el cas que correspongui.<\/li>\n<li>Donar compliment al <strong>Reglament General de Protecci\u00f3 de Dades RGPD<\/strong> totes les comunitats de propietaris han d&#8217;adaptar-se i complir amb les seves disposicions sota pena de greus sancions.<\/li>\n<li>Disposar del certificat electr\u00f2nic a nom de la Comunitat per a les <strong>comunicacions amb les Administracions P\u00fabliques<\/strong> i altres gestions cada dia m\u00e9s requerides.<\/li>\n<li><strong>Actualitzar les instal\u00b7lacions de les zones comunes<\/strong> a les noves normatives que cada dia apareixen en diverses mat\u00e8ries com a energ\u00e8tiques, sanit\u00e0ries i de seguretat.<\/li>\n<li><strong>Controlar la morositat<\/strong> i presentar les corresponents reclamacions judicials, en un context com l&#8217;actual on es preveu un augment significatiu dels deutes comunitaris.<\/li>\n<li>En mat\u00e8ria d&#8217;obres i reparacions oferir <strong>comparatives de diferents empreses i professionals<\/strong> per a l&#8217;obtenci\u00f3 de reducci\u00f3 de costos<\/li>\n<li><strong>Mediar en conflictes ve\u00efnals<\/strong> i evitar-los entre copropietaris<\/li>\n<li>Relaci\u00f3 amb les AA PP en les diferents mat\u00e8ries i regulacions.<\/li>\n<li>I en tot all\u00f2 que requereix la figura d&#8217;un professional titulat amb la formaci\u00f3 en tot moment actualitzada.<\/li>\n<\/ul>\n<p>Tot aix\u00f2 fa que la figura de l&#8217;Administrador de Finques sigui cada vegada m\u00e9s imprescindible en qualsevol Comunitat per a l&#8217;obtenci\u00f3 d&#8217;estalvis dels serveis de manteniment i augmentar el valor dels b\u00e9ns immobles amb un criteri m\u00e9s professional, aconseguint un increment del valor de l&#8217;edifici.<br \/>\nEn el moment de triar un <strong>Administrador de Finques,<\/strong> la Comunitat ha de tenir en compte que sigui un titular col\u00b7legiat per a assegurar-se a m\u00e9s de la professionalitat i responsabilitat, un suport jur\u00eddic en el cas de ser necessari ja que disposa d&#8217;una formaci\u00f3 acreditada, i disposar de les diferents assegurances de responsabilitat civil per al cas de ser necessari.<\/p>\n<p>Si busques un Administrador de finques a Lleida, a Comunit\u00e0ria Administraci\u00f3 i Serveis som titulars col\u00b7legiats. T&#8217;ajudem amb gesti\u00f3 de la teva comunitat de propietaris.<\/p>\n<p>&nbsp;<\/p>\n","protected":false},"excerpt":{"rendered":"<p>L&#8217;art. 553-18 del Llibre V del Codi Civil Catal\u00e0, regula la figura de l&#8217;Administrador de Finques, de manera general aquest article regula entre les funcions de l&#8217;administrador, les de prendre les mesures convenients per a la conservaci\u00f3 i bon funcionament dels serveis de la Comunitat, preparar els comptes anuals i el pressupost, realitzar els cobraments&hellip;<\/p>\n","protected":false},"author":2,"featured_media":5454,"comment_status":"closed","ping_status":"closed","sticky":false,"template":"","format":"standard","meta":{"_joinchat":[],"footnotes":""},"categories":[9],"tags":[],"class_list":["post-5449","post","type-post","status-publish","format-standard","has-post-thumbnail","hentry","category-noticies","category-9","description-off"],"yoast_head":"<!-- This site is optimized with the Yoast SEO plugin v28.3 - https:\/\/yoast.com\/product\/yoast-seo-wordpress\/ -->\n<title>Per a qu\u00e8 es necessari disposar d&#039;un administrador de finques col\u00b7legiat? - Comunit\u00e0ria - Administraci\u00f3 i Serveis<\/title>\n<meta name=\"description\" content=\"En el moment de triar un Administrador de Finques, la Comunitat ha de tenir en compte que sigui % un titular col\u00b7legiat. A Comunitaria som titulars col\u00b7legiats\" \/>\n<meta name=\"robots\" content=\"index, follow, max-snippet:-1, max-image-preview:large, max-video-preview:-1\" \/>\n<link rel=\"canonical\" href=\"https:\/\/comunitaria.es\/ca\/per-que-disposar-dun-administrador-colegiat\/\" \/>\n<meta property=\"og:locale\" content=\"ca_ES\" \/>\n<meta property=\"og:type\" content=\"article\" \/>\n<meta property=\"og:title\" content=\"Per a qu\u00e8 es necessari disposar d&#039;un administrador de finques col\u00b7legiat? - Comunit\u00e0ria - Administraci\u00f3 i Serveis\" \/>\n<meta property=\"og:description\" content=\"En el moment de triar un Administrador de Finques, la Comunitat ha de tenir en compte que sigui % un titular col\u00b7legiat. A Comunitaria som titulars col\u00b7legiats\" \/>\n<meta property=\"og:url\" content=\"https:\/\/comunitaria.es\/ca\/per-que-disposar-dun-administrador-colegiat\/\" \/>\n<meta property=\"og:site_name\" content=\"Comunit\u00e0ria - Administraci\u00f3 i Serveis\" \/>\n<meta property=\"article:published_time\" content=\"2021-02-12T14:23:42+00:00\" \/>\n<meta property=\"og:image\" content=\"https:\/\/www.comunitaria.es\/wp-content\/uploads\/2021\/02\/bigstock-Lawyer-Office-Statue-Of-Justi-389455336-FILEminimizer.jpg\" \/>\n\t<meta property=\"og:image:width\" content=\"1152\" \/>\n\t<meta property=\"og:image:height\" content=\"768\" \/>\n\t<meta property=\"og:image:type\" content=\"image\/jpeg\" \/>\n<meta name=\"author\" content=\"Jordi Rabinat\" \/>\n<meta name=\"twitter:card\" content=\"summary_large_image\" \/>\n<meta name=\"twitter:label1\" content=\"Written by\" \/>\n\t<meta name=\"twitter:data1\" content=\"Jordi Rabinat\" \/>\n\t<meta name=\"twitter:label2\" content=\"Est. reading time\" \/>\n\t<meta name=\"twitter:data2\" content=\"2 minutes\" \/>\n<script type=\"application\/ld+json\" class=\"yoast-schema-graph\">{\"@context\":\"https:\\\/\\\/schema.org\",\"@graph\":[{\"@type\":\"Article\",\"@id\":\"https:\\\/\\\/comunitaria.es\\\/ca\\\/per-que-disposar-dun-administrador-colegiat\\\/#article\",\"isPartOf\":{\"@id\":\"https:\\\/\\\/comunitaria.es\\\/ca\\\/per-que-disposar-dun-administrador-colegiat\\\/\"},\"author\":{\"name\":\"Jordi Rabinat\",\"@id\":\"https:\\\/\\\/comunitaria.es\\\/ca\\\/#\\\/schema\\\/person\\\/2a36b19753560c6dc21f74a3e203685e\"},\"headline\":\"Per a qu\u00e8 es necessari disposar d&#8217;un administrador de finques col\u00b7legiat?\",\"datePublished\":\"2021-02-12T14:23:42+00:00\",\"mainEntityOfPage\":{\"@id\":\"https:\\\/\\\/comunitaria.es\\\/ca\\\/per-que-disposar-dun-administrador-colegiat\\\/\"},\"wordCount\":434,\"publisher\":{\"@id\":\"https:\\\/\\\/comunitaria.es\\\/ca\\\/#organization\"},\"image\":{\"@id\":\"https:\\\/\\\/comunitaria.es\\\/ca\\\/per-que-disposar-dun-administrador-colegiat\\\/#primaryimage\"},\"thumbnailUrl\":\"https:\\\/\\\/comunitaria.es\\\/wp-content\\\/uploads\\\/2021\\\/02\\\/bigstock-Lawyer-Office-Statue-Of-Justi-389455336-FILEminimizer.jpg\",\"articleSection\":[\"Noticies\"],\"inLanguage\":\"ca\"},{\"@type\":\"WebPage\",\"@id\":\"https:\\\/\\\/comunitaria.es\\\/ca\\\/per-que-disposar-dun-administrador-colegiat\\\/\",\"url\":\"https:\\\/\\\/comunitaria.es\\\/ca\\\/per-que-disposar-dun-administrador-colegiat\\\/\",\"name\":\"Per a qu\u00e8 es necessari disposar d'un administrador de finques col\u00b7legiat? - Comunit\u00e0ria - Administraci\u00f3 i Serveis\",\"isPartOf\":{\"@id\":\"https:\\\/\\\/comunitaria.es\\\/ca\\\/#website\"},\"primaryImageOfPage\":{\"@id\":\"https:\\\/\\\/comunitaria.es\\\/ca\\\/per-que-disposar-dun-administrador-colegiat\\\/#primaryimage\"},\"image\":{\"@id\":\"https:\\\/\\\/comunitaria.es\\\/ca\\\/per-que-disposar-dun-administrador-colegiat\\\/#primaryimage\"},\"thumbnailUrl\":\"https:\\\/\\\/comunitaria.es\\\/wp-content\\\/uploads\\\/2021\\\/02\\\/bigstock-Lawyer-Office-Statue-Of-Justi-389455336-FILEminimizer.jpg\",\"datePublished\":\"2021-02-12T14:23:42+00:00\",\"description\":\"En el moment de triar un Administrador de Finques, la Comunitat ha de tenir en compte que sigui % un titular col\u00b7legiat. A Comunitaria som titulars col\u00b7legiats\",\"breadcrumb\":{\"@id\":\"https:\\\/\\\/comunitaria.es\\\/ca\\\/per-que-disposar-dun-administrador-colegiat\\\/#breadcrumb\"},\"inLanguage\":\"ca\",\"potentialAction\":[{\"@type\":\"ReadAction\",\"target\":[\"https:\\\/\\\/comunitaria.es\\\/ca\\\/per-que-disposar-dun-administrador-colegiat\\\/\"]}]},{\"@type\":\"ImageObject\",\"inLanguage\":\"ca\",\"@id\":\"https:\\\/\\\/comunitaria.es\\\/ca\\\/per-que-disposar-dun-administrador-colegiat\\\/#primaryimage\",\"url\":\"https:\\\/\\\/comunitaria.es\\\/wp-content\\\/uploads\\\/2021\\\/02\\\/bigstock-Lawyer-Office-Statue-Of-Justi-389455336-FILEminimizer.jpg\",\"contentUrl\":\"https:\\\/\\\/comunitaria.es\\\/wp-content\\\/uploads\\\/2021\\\/02\\\/bigstock-Lawyer-Office-Statue-Of-Justi-389455336-FILEminimizer.jpg\",\"width\":1152,\"height\":768,\"caption\":\"administrador de fincas colegiado\"},{\"@type\":\"BreadcrumbList\",\"@id\":\"https:\\\/\\\/comunitaria.es\\\/ca\\\/per-que-disposar-dun-administrador-colegiat\\\/#breadcrumb\",\"itemListElement\":[{\"@type\":\"ListItem\",\"position\":1,\"name\":\"Portada\",\"item\":\"https:\\\/\\\/comunitaria.es\\\/ca\\\/\"},{\"@type\":\"ListItem\",\"position\":2,\"name\":\"Per a qu\u00e8 es necessari disposar d&#8217;un administrador de finques col\u00b7legiat?\"}]},{\"@type\":\"WebSite\",\"@id\":\"https:\\\/\\\/comunitaria.es\\\/ca\\\/#website\",\"url\":\"https:\\\/\\\/comunitaria.es\\\/ca\\\/\",\"name\":\"Comunit\u00e0ria - Administraci\u00f3 i Serveis\",\"description\":\"\",\"publisher\":{\"@id\":\"https:\\\/\\\/comunitaria.es\\\/ca\\\/#organization\"},\"potentialAction\":[{\"@type\":\"SearchAction\",\"target\":{\"@type\":\"EntryPoint\",\"urlTemplate\":\"https:\\\/\\\/comunitaria.es\\\/ca\\\/?s={search_term_string}\"},\"query-input\":{\"@type\":\"PropertyValueSpecification\",\"valueRequired\":true,\"valueName\":\"search_term_string\"}}],\"inLanguage\":\"ca\"},{\"@type\":\"Organization\",\"@id\":\"https:\\\/\\\/comunitaria.es\\\/ca\\\/#organization\",\"name\":\"Comunitaria Administraci\u00f3 i Serveis SL\",\"url\":\"https:\\\/\\\/comunitaria.es\\\/ca\\\/\",\"logo\":{\"@type\":\"ImageObject\",\"inLanguage\":\"ca\",\"@id\":\"https:\\\/\\\/comunitaria.es\\\/ca\\\/#\\\/schema\\\/logo\\\/image\\\/\",\"url\":\"https:\\\/\\\/www.comunitaria.es\\\/wp-content\\\/uploads\\\/2020\\\/05\\\/logo-comunitaria-25.png\",\"contentUrl\":\"https:\\\/\\\/www.comunitaria.es\\\/wp-content\\\/uploads\\\/2020\\\/05\\\/logo-comunitaria-25.png\",\"width\":225,\"height\":104,\"caption\":\"Comunitaria Administraci\u00f3 i Serveis SL\"},\"image\":{\"@id\":\"https:\\\/\\\/comunitaria.es\\\/ca\\\/#\\\/schema\\\/logo\\\/image\\\/\"}},{\"@type\":\"Person\",\"@id\":\"https:\\\/\\\/comunitaria.es\\\/ca\\\/#\\\/schema\\\/person\\\/2a36b19753560c6dc21f74a3e203685e\",\"name\":\"Jordi Rabinat\",\"image\":{\"@type\":\"ImageObject\",\"inLanguage\":\"ca\",\"@id\":\"https:\\\/\\\/secure.gravatar.com\\\/avatar\\\/3cd1bf0f1725d960583d0a5f495cb186f775ab8484b40ea4de0a067d699dadd0?s=96&d=mm&r=g\",\"url\":\"https:\\\/\\\/secure.gravatar.com\\\/avatar\\\/3cd1bf0f1725d960583d0a5f495cb186f775ab8484b40ea4de0a067d699dadd0?s=96&d=mm&r=g\",\"contentUrl\":\"https:\\\/\\\/secure.gravatar.com\\\/avatar\\\/3cd1bf0f1725d960583d0a5f495cb186f775ab8484b40ea4de0a067d699dadd0?s=96&d=mm&r=g\",\"caption\":\"Jordi Rabinat\"},\"sameAs\":[\"http:\\\/\\\/comunitaria\"]}]}<\/script>\n<!-- \/ Yoast SEO plugin. -->","yoast_head_json":{"title":"Per a qu\u00e8 es necessari disposar d'un administrador de finques col\u00b7legiat? - Comunit\u00e0ria - Administraci\u00f3 i Serveis","description":"En el moment de triar un Administrador de Finques, la Comunitat ha de tenir en compte que sigui % un titular col\u00b7legiat. A Comunitaria som titulars col\u00b7legiats","robots":{"index":"index","follow":"follow","max-snippet":"max-snippet:-1","max-image-preview":"max-image-preview:large","max-video-preview":"max-video-preview:-1"},"canonical":"https:\/\/comunitaria.es\/ca\/per-que-disposar-dun-administrador-colegiat\/","og_locale":"ca_ES","og_type":"article","og_title":"Per a qu\u00e8 es necessari disposar d'un administrador de finques col\u00b7legiat? - Comunit\u00e0ria - Administraci\u00f3 i Serveis","og_description":"En el moment de triar un Administrador de Finques, la Comunitat ha de tenir en compte que sigui % un titular col\u00b7legiat. A Comunitaria som titulars col\u00b7legiats","og_url":"https:\/\/comunitaria.es\/ca\/per-que-disposar-dun-administrador-colegiat\/","og_site_name":"Comunit\u00e0ria - Administraci\u00f3 i Serveis","article_published_time":"2021-02-12T14:23:42+00:00","og_image":[{"width":1152,"height":768,"url":"https:\/\/www.comunitaria.es\/wp-content\/uploads\/2021\/02\/bigstock-Lawyer-Office-Statue-Of-Justi-389455336-FILEminimizer.jpg","type":"image\/jpeg"}],"author":"Jordi Rabinat","twitter_card":"summary_large_image","twitter_misc":{"Written by":"Jordi Rabinat","Est. reading time":"2 minutes"},"schema":{"@context":"https:\/\/schema.org","@graph":[{"@type":"Article","@id":"https:\/\/comunitaria.es\/ca\/per-que-disposar-dun-administrador-colegiat\/#article","isPartOf":{"@id":"https:\/\/comunitaria.es\/ca\/per-que-disposar-dun-administrador-colegiat\/"},"author":{"name":"Jordi Rabinat","@id":"https:\/\/comunitaria.es\/ca\/#\/schema\/person\/2a36b19753560c6dc21f74a3e203685e"},"headline":"Per a qu\u00e8 es necessari disposar d&#8217;un administrador de finques col\u00b7legiat?","datePublished":"2021-02-12T14:23:42+00:00","mainEntityOfPage":{"@id":"https:\/\/comunitaria.es\/ca\/per-que-disposar-dun-administrador-colegiat\/"},"wordCount":434,"publisher":{"@id":"https:\/\/comunitaria.es\/ca\/#organization"},"image":{"@id":"https:\/\/comunitaria.es\/ca\/per-que-disposar-dun-administrador-colegiat\/#primaryimage"},"thumbnailUrl":"https:\/\/comunitaria.es\/wp-content\/uploads\/2021\/02\/bigstock-Lawyer-Office-Statue-Of-Justi-389455336-FILEminimizer.jpg","articleSection":["Noticies"],"inLanguage":"ca"},{"@type":"WebPage","@id":"https:\/\/comunitaria.es\/ca\/per-que-disposar-dun-administrador-colegiat\/","url":"https:\/\/comunitaria.es\/ca\/per-que-disposar-dun-administrador-colegiat\/","name":"Per a qu\u00e8 es necessari disposar d'un administrador de finques col\u00b7legiat? - Comunit\u00e0ria - Administraci\u00f3 i Serveis","isPartOf":{"@id":"https:\/\/comunitaria.es\/ca\/#website"},"primaryImageOfPage":{"@id":"https:\/\/comunitaria.es\/ca\/per-que-disposar-dun-administrador-colegiat\/#primaryimage"},"image":{"@id":"https:\/\/comunitaria.es\/ca\/per-que-disposar-dun-administrador-colegiat\/#primaryimage"},"thumbnailUrl":"https:\/\/comunitaria.es\/wp-content\/uploads\/2021\/02\/bigstock-Lawyer-Office-Statue-Of-Justi-389455336-FILEminimizer.jpg","datePublished":"2021-02-12T14:23:42+00:00","description":"En el moment de triar un Administrador de Finques, la Comunitat ha de tenir en compte que sigui % un titular col\u00b7legiat. A Comunitaria som titulars col\u00b7legiats","breadcrumb":{"@id":"https:\/\/comunitaria.es\/ca\/per-que-disposar-dun-administrador-colegiat\/#breadcrumb"},"inLanguage":"ca","potentialAction":[{"@type":"ReadAction","target":["https:\/\/comunitaria.es\/ca\/per-que-disposar-dun-administrador-colegiat\/"]}]},{"@type":"ImageObject","inLanguage":"ca","@id":"https:\/\/comunitaria.es\/ca\/per-que-disposar-dun-administrador-colegiat\/#primaryimage","url":"https:\/\/comunitaria.es\/wp-content\/uploads\/2021\/02\/bigstock-Lawyer-Office-Statue-Of-Justi-389455336-FILEminimizer.jpg","contentUrl":"https:\/\/comunitaria.es\/wp-content\/uploads\/2021\/02\/bigstock-Lawyer-Office-Statue-Of-Justi-389455336-FILEminimizer.jpg","width":1152,"height":768,"caption":"administrador de fincas colegiado"},{"@type":"BreadcrumbList","@id":"https:\/\/comunitaria.es\/ca\/per-que-disposar-dun-administrador-colegiat\/#breadcrumb","itemListElement":[{"@type":"ListItem","position":1,"name":"Portada","item":"https:\/\/comunitaria.es\/ca\/"},{"@type":"ListItem","position":2,"name":"Per a qu\u00e8 es necessari disposar d&#8217;un administrador de finques col\u00b7legiat?"}]},{"@type":"WebSite","@id":"https:\/\/comunitaria.es\/ca\/#website","url":"https:\/\/comunitaria.es\/ca\/","name":"Comunit\u00e0ria - Administraci\u00f3 i Serveis","description":"","publisher":{"@id":"https:\/\/comunitaria.es\/ca\/#organization"},"potentialAction":[{"@type":"SearchAction","target":{"@type":"EntryPoint","urlTemplate":"https:\/\/comunitaria.es\/ca\/?s={search_term_string}"},"query-input":{"@type":"PropertyValueSpecification","valueRequired":true,"valueName":"search_term_string"}}],"inLanguage":"ca"},{"@type":"Organization","@id":"https:\/\/comunitaria.es\/ca\/#organization","name":"Comunitaria Administraci\u00f3 i Serveis SL","url":"https:\/\/comunitaria.es\/ca\/","logo":{"@type":"ImageObject","inLanguage":"ca","@id":"https:\/\/comunitaria.es\/ca\/#\/schema\/logo\/image\/","url":"https:\/\/www.comunitaria.es\/wp-content\/uploads\/2020\/05\/logo-comunitaria-25.png","contentUrl":"https:\/\/www.comunitaria.es\/wp-content\/uploads\/2020\/05\/logo-comunitaria-25.png","width":225,"height":104,"caption":"Comunitaria Administraci\u00f3 i Serveis SL"},"image":{"@id":"https:\/\/comunitaria.es\/ca\/#\/schema\/logo\/image\/"}},{"@type":"Person","@id":"https:\/\/comunitaria.es\/ca\/#\/schema\/person\/2a36b19753560c6dc21f74a3e203685e","name":"Jordi Rabinat","image":{"@type":"ImageObject","inLanguage":"ca","@id":"https:\/\/secure.gravatar.com\/avatar\/3cd1bf0f1725d960583d0a5f495cb186f775ab8484b40ea4de0a067d699dadd0?s=96&d=mm&r=g","url":"https:\/\/secure.gravatar.com\/avatar\/3cd1bf0f1725d960583d0a5f495cb186f775ab8484b40ea4de0a067d699dadd0?s=96&d=mm&r=g","contentUrl":"https:\/\/secure.gravatar.com\/avatar\/3cd1bf0f1725d960583d0a5f495cb186f775ab8484b40ea4de0a067d699dadd0?s=96&d=mm&r=g","caption":"Jordi Rabinat"},"sameAs":["http:\/\/comunitaria"]}]}},"_links":{"self":[{"href":"https:\/\/comunitaria.es\/ca\/wp-json\/wp\/v2\/posts\/5449","targetHints":{"allow":["GET"]}}],"collection":[{"href":"https:\/\/comunitaria.es\/ca\/wp-json\/wp\/v2\/posts"}],"about":[{"href":"https:\/\/comunitaria.es\/ca\/wp-json\/wp\/v2\/types\/post"}],"author":[{"embeddable":true,"href":"https:\/\/comunitaria.es\/ca\/wp-json\/wp\/v2\/users\/2"}],"replies":[{"embeddable":true,"href":"https:\/\/comunitaria.es\/ca\/wp-json\/wp\/v2\/comments?post=5449"}],"version-history":[{"count":1,"href":"https:\/\/comunitaria.es\/ca\/wp-json\/wp\/v2\/posts\/5449\/revisions"}],"predecessor-version":[{"id":5450,"href":"https:\/\/comunitaria.es\/ca\/wp-json\/wp\/v2\/posts\/5449\/revisions\/5450"}],"wp:featuredmedia":[{"embeddable":true,"href":"https:\/\/comunitaria.es\/ca\/wp-json\/wp\/v2\/media\/5454"}],"wp:attachment":[{"href":"https:\/\/comunitaria.es\/ca\/wp-json\/wp\/v2\/media?parent=5449"}],"wp:term":[{"taxonomy":"category","embeddable":true,"href":"https:\/\/comunitaria.es\/ca\/wp-json\/wp\/v2\/categories?post=5449"},{"taxonomy":"post_tag","embeddable":true,"href":"https:\/\/comunitaria.es\/ca\/wp-json\/wp\/v2\/tags?post=5449"}],"curies":[{"name":"wp","href":"https:\/\/api.w.org\/{rel}","templated":true}]}}