{"id":4996,"date":"2020-09-28T15:35:11","date_gmt":"2020-09-28T13:35:11","guid":{"rendered":"https:\/\/comunitaria.es\/comunitat-propietaris-i-juntes-virtuals\/"},"modified":"2020-09-28T15:55:38","modified_gmt":"2020-09-28T13:55:38","slug":"comunitat-propietaris-i-juntes-virtuals","status":"publish","type":"post","link":"https:\/\/comunitaria.es\/ca\/comunitat-propietaris-i-juntes-virtuals\/","title":{"rendered":"Les Comunitats de Propietaris i les Juntas virtuals"},"content":{"rendered":"<h1>Les Comunitats de Propietaris i les Juntes virtuals<\/h1>\n<p>El Codi Civil Catal\u00e0 ja va introduir al juny de 2015 al \u00a0Llibre Cinqu\u00e8 articles 553-21 i 553-22 la possibilitat de convocar reunions de<strong> juntes de propietaris mitjan\u00e7ant correu electr\u00f2nic<\/strong> i tamb\u00e9 preveia que aquestes es poguessin realitzar mitjan\u00e7ant <strong>videoconfer\u00e8ncia.<\/strong> Va ser una forma d&#8217;anticipar-se l&#8217;evoluci\u00f3 de les noves tecnologies com un element que ajud\u00e9s a transformar diferents \u00e0mbits socials i econ\u00f2mics.<\/p>\n<p>L&#8217;aparici\u00f3 de la pand\u00e8mia de l&#8217;Covid-19 ha accelerat de forma brusca aquest fenomen que segurament hagu\u00e9s trigat m\u00e9s temps a implementar-se i ha obligat a tots els operadors del sector de l<strong>&#8216;Administraci\u00f3 de Comunitats<\/strong> a aplicar sistemes d&#8217;informaci\u00f3, votaci\u00f3 i acords que dins de la legalitat vigent facilitin la gesti\u00f3 de les necessitats de les <strong>comunitats de propietaris<\/strong>, que com ja sabem cada dia s\u00f3n m\u00e9s grans.<\/p>\n<p>La pregunta que ens fem \u00e9s si aquest sistema ha vingut per quedar-se definitivament o b\u00e9, un cop superada la crisi sanit\u00e0ria, tornarem a les reunions de ve\u00efns convencionals amb les seves caracter\u00edstiques peculiars pel que fa a la relaci\u00f3 entre els propietaris i l&#8217;administraci\u00f3.<\/p>\n<p>La nostra opini\u00f3 \u00e9s que<strong> a partir d&#8217;ara conviuran diverses modalitats per a la celebraci\u00f3 de les assemblees comunit\u00e0ries<\/strong>, la convencional en espais f\u00edsics habilitats amb contacte personal, la comunicaci\u00f3 i votaci\u00f3 mitjan\u00e7ant el correu electr\u00f2nic a cada copropietari, la utilitzaci\u00f3 d&#8217;altres mitjans com el WhatsApp, aplicacions espec\u00edfiques i tamb\u00e9 mitjan\u00e7ant la celebraci\u00f3 de Juntes, votaci\u00f3 i acords a trav\u00e9s de la videoconfer\u00e8ncia.<\/p>\n<p>La nostra empresa <strong>Comunit\u00e0ria Administraci\u00f3 i Serveis SL<\/strong> amb la col\u00b7laboraci\u00f3 dels diferents c\u00e0rrecs comunitaris ja ha celebrat diverses assemblees utilitzant aquests nous sistemes amb gran acceptaci\u00f3 per part dels participants \u00a0per la seva immediatesa, comoditat i seguretat desplegant tots els efectes jur\u00eddics exigits.<\/p>\n<p>&nbsp;<\/p>\n","protected":false},"excerpt":{"rendered":"<p>Les Comunitats de Propietaris i les Juntes virtuals El Codi Civil Catal\u00e0 ja va introduir al juny de 2015 al \u00a0Llibre Cinqu\u00e8 articles 553-21 i 553-22 la possibilitat de convocar reunions de juntes de propietaris mitjan\u00e7ant correu electr\u00f2nic i tamb\u00e9 preveia que aquestes es poguessin realitzar mitjan\u00e7ant videoconfer\u00e8ncia. Va ser una forma d&#8217;anticipar-se l&#8217;evoluci\u00f3 de&hellip;<\/p>\n","protected":false},"author":2,"featured_media":4992,"comment_status":"closed","ping_status":"closed","sticky":false,"template":"","format":"standard","meta":{"_joinchat":[],"footnotes":""},"categories":[9],"tags":[280,279,281],"class_list":["post-4996","post","type-post","status-publish","format-standard","has-post-thumbnail","hentry","category-noticies","tag-assamblees-virtuals","tag-comunitat-de-propietaris","tag-juntes-de-propietaris","category-9","description-off"],"yoast_head":"<!-- This site is optimized with the Yoast SEO plugin v28.3 - https:\/\/yoast.com\/product\/yoast-seo-wordpress\/ -->\n<title>Comunitats de Propietaris i Juntes virtuals<\/title>\n<meta name=\"description\" content=\"Reunions de juntes de propietaris mitjan\u00e7ant videoconfer\u00e8ncia i altres mitjan\u00e7ant votaci\u00f3 i comunicaci\u00f3. Comunitats de Propietaris - Comunit\u00e0ria.\" \/>\n<meta name=\"robots\" content=\"index, follow, max-snippet:-1, max-image-preview:large, max-video-preview:-1\" \/>\n<link rel=\"canonical\" href=\"https:\/\/comunitaria.es\/ca\/comunitat-propietaris-i-juntes-virtuals\/\" \/>\n<meta property=\"og:locale\" content=\"ca_ES\" \/>\n<meta property=\"og:type\" content=\"article\" \/>\n<meta property=\"og:title\" content=\"Comunitats de Propietaris i Juntes virtuals\" \/>\n<meta property=\"og:description\" content=\"Reunions de juntes de propietaris mitjan\u00e7ant videoconfer\u00e8ncia i altres mitjan\u00e7ant votaci\u00f3 i comunicaci\u00f3. Comunitats de Propietaris - Comunit\u00e0ria.\" \/>\n<meta property=\"og:url\" content=\"https:\/\/comunitaria.es\/ca\/comunitat-propietaris-i-juntes-virtuals\/\" \/>\n<meta property=\"og:site_name\" content=\"Comunit\u00e0ria - Administraci\u00f3 i Serveis\" \/>\n<meta property=\"article:published_time\" content=\"2020-09-28T13:35:11+00:00\" \/>\n<meta property=\"article:modified_time\" content=\"2020-09-28T13:55:38+00:00\" \/>\n<meta property=\"og:image\" content=\"https:\/\/www.comunitaria.es\/wp-content\/uploads\/2020\/09\/comunitats-propietaris-reunions-virtuals.jpg\" \/>\n\t<meta property=\"og:image:width\" content=\"1151\" \/>\n\t<meta property=\"og:image:height\" content=\"768\" \/>\n\t<meta property=\"og:image:type\" content=\"image\/jpeg\" \/>\n<meta name=\"author\" content=\"Jordi Rabinat\" \/>\n<meta name=\"twitter:card\" content=\"summary_large_image\" \/>\n<meta name=\"twitter:label1\" content=\"Written by\" \/>\n\t<meta name=\"twitter:data1\" content=\"Jordi Rabinat\" \/>\n\t<meta name=\"twitter:label2\" content=\"Est. reading time\" \/>\n\t<meta name=\"twitter:data2\" content=\"2 minutes\" \/>\n<script type=\"application\/ld+json\" class=\"yoast-schema-graph\">{\"@context\":\"https:\\\/\\\/schema.org\",\"@graph\":[{\"@type\":\"Article\",\"@id\":\"https:\\\/\\\/comunitaria.es\\\/ca\\\/comunitat-propietaris-i-juntes-virtuals\\\/#article\",\"isPartOf\":{\"@id\":\"https:\\\/\\\/comunitaria.es\\\/ca\\\/comunitat-propietaris-i-juntes-virtuals\\\/\"},\"author\":{\"name\":\"Jordi Rabinat\",\"@id\":\"https:\\\/\\\/comunitaria.es\\\/ca\\\/#\\\/schema\\\/person\\\/2a36b19753560c6dc21f74a3e203685e\"},\"headline\":\"Les Comunitats de Propietaris i les Juntas virtuals\",\"datePublished\":\"2020-09-28T13:35:11+00:00\",\"dateModified\":\"2020-09-28T13:55:38+00:00\",\"mainEntityOfPage\":{\"@id\":\"https:\\\/\\\/comunitaria.es\\\/ca\\\/comunitat-propietaris-i-juntes-virtuals\\\/\"},\"wordCount\":323,\"publisher\":{\"@id\":\"https:\\\/\\\/comunitaria.es\\\/ca\\\/#organization\"},\"image\":{\"@id\":\"https:\\\/\\\/comunitaria.es\\\/ca\\\/comunitat-propietaris-i-juntes-virtuals\\\/#primaryimage\"},\"thumbnailUrl\":\"https:\\\/\\\/comunitaria.es\\\/wp-content\\\/uploads\\\/2020\\\/09\\\/comunitats-propietaris-reunions-virtuals.jpg\",\"keywords\":[\"assamblees virtuals\",\"comunitat de propietaris\",\"Juntes de propietaris\"],\"articleSection\":[\"Noticies\"],\"inLanguage\":\"ca\"},{\"@type\":\"WebPage\",\"@id\":\"https:\\\/\\\/comunitaria.es\\\/ca\\\/comunitat-propietaris-i-juntes-virtuals\\\/\",\"url\":\"https:\\\/\\\/comunitaria.es\\\/ca\\\/comunitat-propietaris-i-juntes-virtuals\\\/\",\"name\":\"Comunitats de Propietaris i Juntes virtuals\",\"isPartOf\":{\"@id\":\"https:\\\/\\\/comunitaria.es\\\/ca\\\/#website\"},\"primaryImageOfPage\":{\"@id\":\"https:\\\/\\\/comunitaria.es\\\/ca\\\/comunitat-propietaris-i-juntes-virtuals\\\/#primaryimage\"},\"image\":{\"@id\":\"https:\\\/\\\/comunitaria.es\\\/ca\\\/comunitat-propietaris-i-juntes-virtuals\\\/#primaryimage\"},\"thumbnailUrl\":\"https:\\\/\\\/comunitaria.es\\\/wp-content\\\/uploads\\\/2020\\\/09\\\/comunitats-propietaris-reunions-virtuals.jpg\",\"datePublished\":\"2020-09-28T13:35:11+00:00\",\"dateModified\":\"2020-09-28T13:55:38+00:00\",\"description\":\"Reunions de juntes de propietaris mitjan\u00e7ant videoconfer\u00e8ncia i altres mitjan\u00e7ant votaci\u00f3 i comunicaci\u00f3. Comunitats de Propietaris - Comunit\u00e0ria.\",\"breadcrumb\":{\"@id\":\"https:\\\/\\\/comunitaria.es\\\/ca\\\/comunitat-propietaris-i-juntes-virtuals\\\/#breadcrumb\"},\"inLanguage\":\"ca\",\"potentialAction\":[{\"@type\":\"ReadAction\",\"target\":[\"https:\\\/\\\/comunitaria.es\\\/ca\\\/comunitat-propietaris-i-juntes-virtuals\\\/\"]}]},{\"@type\":\"ImageObject\",\"inLanguage\":\"ca\",\"@id\":\"https:\\\/\\\/comunitaria.es\\\/ca\\\/comunitat-propietaris-i-juntes-virtuals\\\/#primaryimage\",\"url\":\"https:\\\/\\\/comunitaria.es\\\/wp-content\\\/uploads\\\/2020\\\/09\\\/comunitats-propietaris-reunions-virtuals.jpg\",\"contentUrl\":\"https:\\\/\\\/comunitaria.es\\\/wp-content\\\/uploads\\\/2020\\\/09\\\/comunitats-propietaris-reunions-virtuals.jpg\",\"width\":1151,\"height\":768,\"caption\":\"reunions virtuals de comunitat de propietaris\"},{\"@type\":\"BreadcrumbList\",\"@id\":\"https:\\\/\\\/comunitaria.es\\\/ca\\\/comunitat-propietaris-i-juntes-virtuals\\\/#breadcrumb\",\"itemListElement\":[{\"@type\":\"ListItem\",\"position\":1,\"name\":\"Portada\",\"item\":\"https:\\\/\\\/comunitaria.es\\\/ca\\\/\"},{\"@type\":\"ListItem\",\"position\":2,\"name\":\"Les Comunitats de Propietaris i les Juntas virtuals\"}]},{\"@type\":\"WebSite\",\"@id\":\"https:\\\/\\\/comunitaria.es\\\/ca\\\/#website\",\"url\":\"https:\\\/\\\/comunitaria.es\\\/ca\\\/\",\"name\":\"Comunit\u00e0ria - Administraci\u00f3 i Serveis\",\"description\":\"\",\"publisher\":{\"@id\":\"https:\\\/\\\/comunitaria.es\\\/ca\\\/#organization\"},\"potentialAction\":[{\"@type\":\"SearchAction\",\"target\":{\"@type\":\"EntryPoint\",\"urlTemplate\":\"https:\\\/\\\/comunitaria.es\\\/ca\\\/?s={search_term_string}\"},\"query-input\":{\"@type\":\"PropertyValueSpecification\",\"valueRequired\":true,\"valueName\":\"search_term_string\"}}],\"inLanguage\":\"ca\"},{\"@type\":\"Organization\",\"@id\":\"https:\\\/\\\/comunitaria.es\\\/ca\\\/#organization\",\"name\":\"Comunitaria Administraci\u00f3 i Serveis SL\",\"url\":\"https:\\\/\\\/comunitaria.es\\\/ca\\\/\",\"logo\":{\"@type\":\"ImageObject\",\"inLanguage\":\"ca\",\"@id\":\"https:\\\/\\\/comunitaria.es\\\/ca\\\/#\\\/schema\\\/logo\\\/image\\\/\",\"url\":\"https:\\\/\\\/www.comunitaria.es\\\/wp-content\\\/uploads\\\/2020\\\/05\\\/logo-comunitaria-25.png\",\"contentUrl\":\"https:\\\/\\\/www.comunitaria.es\\\/wp-content\\\/uploads\\\/2020\\\/05\\\/logo-comunitaria-25.png\",\"width\":225,\"height\":104,\"caption\":\"Comunitaria Administraci\u00f3 i Serveis SL\"},\"image\":{\"@id\":\"https:\\\/\\\/comunitaria.es\\\/ca\\\/#\\\/schema\\\/logo\\\/image\\\/\"}},{\"@type\":\"Person\",\"@id\":\"https:\\\/\\\/comunitaria.es\\\/ca\\\/#\\\/schema\\\/person\\\/2a36b19753560c6dc21f74a3e203685e\",\"name\":\"Jordi Rabinat\",\"image\":{\"@type\":\"ImageObject\",\"inLanguage\":\"ca\",\"@id\":\"https:\\\/\\\/secure.gravatar.com\\\/avatar\\\/3cd1bf0f1725d960583d0a5f495cb186f775ab8484b40ea4de0a067d699dadd0?s=96&d=mm&r=g\",\"url\":\"https:\\\/\\\/secure.gravatar.com\\\/avatar\\\/3cd1bf0f1725d960583d0a5f495cb186f775ab8484b40ea4de0a067d699dadd0?s=96&d=mm&r=g\",\"contentUrl\":\"https:\\\/\\\/secure.gravatar.com\\\/avatar\\\/3cd1bf0f1725d960583d0a5f495cb186f775ab8484b40ea4de0a067d699dadd0?s=96&d=mm&r=g\",\"caption\":\"Jordi Rabinat\"},\"sameAs\":[\"http:\\\/\\\/comunitaria\"]}]}<\/script>\n<!-- \/ Yoast SEO plugin. -->","yoast_head_json":{"title":"Comunitats de Propietaris i Juntes virtuals","description":"Reunions de juntes de propietaris mitjan\u00e7ant videoconfer\u00e8ncia i altres mitjan\u00e7ant votaci\u00f3 i comunicaci\u00f3. Comunitats de Propietaris - Comunit\u00e0ria.","robots":{"index":"index","follow":"follow","max-snippet":"max-snippet:-1","max-image-preview":"max-image-preview:large","max-video-preview":"max-video-preview:-1"},"canonical":"https:\/\/comunitaria.es\/ca\/comunitat-propietaris-i-juntes-virtuals\/","og_locale":"ca_ES","og_type":"article","og_title":"Comunitats de Propietaris i Juntes virtuals","og_description":"Reunions de juntes de propietaris mitjan\u00e7ant videoconfer\u00e8ncia i altres mitjan\u00e7ant votaci\u00f3 i comunicaci\u00f3. Comunitats de Propietaris - Comunit\u00e0ria.","og_url":"https:\/\/comunitaria.es\/ca\/comunitat-propietaris-i-juntes-virtuals\/","og_site_name":"Comunit\u00e0ria - Administraci\u00f3 i Serveis","article_published_time":"2020-09-28T13:35:11+00:00","article_modified_time":"2020-09-28T13:55:38+00:00","og_image":[{"width":1151,"height":768,"url":"https:\/\/www.comunitaria.es\/wp-content\/uploads\/2020\/09\/comunitats-propietaris-reunions-virtuals.jpg","type":"image\/jpeg"}],"author":"Jordi Rabinat","twitter_card":"summary_large_image","twitter_misc":{"Written by":"Jordi Rabinat","Est. reading time":"2 minutes"},"schema":{"@context":"https:\/\/schema.org","@graph":[{"@type":"Article","@id":"https:\/\/comunitaria.es\/ca\/comunitat-propietaris-i-juntes-virtuals\/#article","isPartOf":{"@id":"https:\/\/comunitaria.es\/ca\/comunitat-propietaris-i-juntes-virtuals\/"},"author":{"name":"Jordi Rabinat","@id":"https:\/\/comunitaria.es\/ca\/#\/schema\/person\/2a36b19753560c6dc21f74a3e203685e"},"headline":"Les Comunitats de Propietaris i les Juntas virtuals","datePublished":"2020-09-28T13:35:11+00:00","dateModified":"2020-09-28T13:55:38+00:00","mainEntityOfPage":{"@id":"https:\/\/comunitaria.es\/ca\/comunitat-propietaris-i-juntes-virtuals\/"},"wordCount":323,"publisher":{"@id":"https:\/\/comunitaria.es\/ca\/#organization"},"image":{"@id":"https:\/\/comunitaria.es\/ca\/comunitat-propietaris-i-juntes-virtuals\/#primaryimage"},"thumbnailUrl":"https:\/\/comunitaria.es\/wp-content\/uploads\/2020\/09\/comunitats-propietaris-reunions-virtuals.jpg","keywords":["assamblees virtuals","comunitat de propietaris","Juntes de propietaris"],"articleSection":["Noticies"],"inLanguage":"ca"},{"@type":"WebPage","@id":"https:\/\/comunitaria.es\/ca\/comunitat-propietaris-i-juntes-virtuals\/","url":"https:\/\/comunitaria.es\/ca\/comunitat-propietaris-i-juntes-virtuals\/","name":"Comunitats de Propietaris i Juntes virtuals","isPartOf":{"@id":"https:\/\/comunitaria.es\/ca\/#website"},"primaryImageOfPage":{"@id":"https:\/\/comunitaria.es\/ca\/comunitat-propietaris-i-juntes-virtuals\/#primaryimage"},"image":{"@id":"https:\/\/comunitaria.es\/ca\/comunitat-propietaris-i-juntes-virtuals\/#primaryimage"},"thumbnailUrl":"https:\/\/comunitaria.es\/wp-content\/uploads\/2020\/09\/comunitats-propietaris-reunions-virtuals.jpg","datePublished":"2020-09-28T13:35:11+00:00","dateModified":"2020-09-28T13:55:38+00:00","description":"Reunions de juntes de propietaris mitjan\u00e7ant videoconfer\u00e8ncia i altres mitjan\u00e7ant votaci\u00f3 i comunicaci\u00f3. Comunitats de Propietaris - Comunit\u00e0ria.","breadcrumb":{"@id":"https:\/\/comunitaria.es\/ca\/comunitat-propietaris-i-juntes-virtuals\/#breadcrumb"},"inLanguage":"ca","potentialAction":[{"@type":"ReadAction","target":["https:\/\/comunitaria.es\/ca\/comunitat-propietaris-i-juntes-virtuals\/"]}]},{"@type":"ImageObject","inLanguage":"ca","@id":"https:\/\/comunitaria.es\/ca\/comunitat-propietaris-i-juntes-virtuals\/#primaryimage","url":"https:\/\/comunitaria.es\/wp-content\/uploads\/2020\/09\/comunitats-propietaris-reunions-virtuals.jpg","contentUrl":"https:\/\/comunitaria.es\/wp-content\/uploads\/2020\/09\/comunitats-propietaris-reunions-virtuals.jpg","width":1151,"height":768,"caption":"reunions virtuals de comunitat de propietaris"},{"@type":"BreadcrumbList","@id":"https:\/\/comunitaria.es\/ca\/comunitat-propietaris-i-juntes-virtuals\/#breadcrumb","itemListElement":[{"@type":"ListItem","position":1,"name":"Portada","item":"https:\/\/comunitaria.es\/ca\/"},{"@type":"ListItem","position":2,"name":"Les Comunitats de Propietaris i les Juntas virtuals"}]},{"@type":"WebSite","@id":"https:\/\/comunitaria.es\/ca\/#website","url":"https:\/\/comunitaria.es\/ca\/","name":"Comunit\u00e0ria - Administraci\u00f3 i Serveis","description":"","publisher":{"@id":"https:\/\/comunitaria.es\/ca\/#organization"},"potentialAction":[{"@type":"SearchAction","target":{"@type":"EntryPoint","urlTemplate":"https:\/\/comunitaria.es\/ca\/?s={search_term_string}"},"query-input":{"@type":"PropertyValueSpecification","valueRequired":true,"valueName":"search_term_string"}}],"inLanguage":"ca"},{"@type":"Organization","@id":"https:\/\/comunitaria.es\/ca\/#organization","name":"Comunitaria Administraci\u00f3 i Serveis SL","url":"https:\/\/comunitaria.es\/ca\/","logo":{"@type":"ImageObject","inLanguage":"ca","@id":"https:\/\/comunitaria.es\/ca\/#\/schema\/logo\/image\/","url":"https:\/\/www.comunitaria.es\/wp-content\/uploads\/2020\/05\/logo-comunitaria-25.png","contentUrl":"https:\/\/www.comunitaria.es\/wp-content\/uploads\/2020\/05\/logo-comunitaria-25.png","width":225,"height":104,"caption":"Comunitaria Administraci\u00f3 i Serveis SL"},"image":{"@id":"https:\/\/comunitaria.es\/ca\/#\/schema\/logo\/image\/"}},{"@type":"Person","@id":"https:\/\/comunitaria.es\/ca\/#\/schema\/person\/2a36b19753560c6dc21f74a3e203685e","name":"Jordi Rabinat","image":{"@type":"ImageObject","inLanguage":"ca","@id":"https:\/\/secure.gravatar.com\/avatar\/3cd1bf0f1725d960583d0a5f495cb186f775ab8484b40ea4de0a067d699dadd0?s=96&d=mm&r=g","url":"https:\/\/secure.gravatar.com\/avatar\/3cd1bf0f1725d960583d0a5f495cb186f775ab8484b40ea4de0a067d699dadd0?s=96&d=mm&r=g","contentUrl":"https:\/\/secure.gravatar.com\/avatar\/3cd1bf0f1725d960583d0a5f495cb186f775ab8484b40ea4de0a067d699dadd0?s=96&d=mm&r=g","caption":"Jordi Rabinat"},"sameAs":["http:\/\/comunitaria"]}]}},"_links":{"self":[{"href":"https:\/\/comunitaria.es\/ca\/wp-json\/wp\/v2\/posts\/4996","targetHints":{"allow":["GET"]}}],"collection":[{"href":"https:\/\/comunitaria.es\/ca\/wp-json\/wp\/v2\/posts"}],"about":[{"href":"https:\/\/comunitaria.es\/ca\/wp-json\/wp\/v2\/types\/post"}],"author":[{"embeddable":true,"href":"https:\/\/comunitaria.es\/ca\/wp-json\/wp\/v2\/users\/2"}],"replies":[{"embeddable":true,"href":"https:\/\/comunitaria.es\/ca\/wp-json\/wp\/v2\/comments?post=4996"}],"version-history":[{"count":3,"href":"https:\/\/comunitaria.es\/ca\/wp-json\/wp\/v2\/posts\/4996\/revisions"}],"predecessor-version":[{"id":4999,"href":"https:\/\/comunitaria.es\/ca\/wp-json\/wp\/v2\/posts\/4996\/revisions\/4999"}],"wp:featuredmedia":[{"embeddable":true,"href":"https:\/\/comunitaria.es\/ca\/wp-json\/wp\/v2\/media\/4992"}],"wp:attachment":[{"href":"https:\/\/comunitaria.es\/ca\/wp-json\/wp\/v2\/media?parent=4996"}],"wp:term":[{"taxonomy":"category","embeddable":true,"href":"https:\/\/comunitaria.es\/ca\/wp-json\/wp\/v2\/categories?post=4996"},{"taxonomy":"post_tag","embeddable":true,"href":"https:\/\/comunitaria.es\/ca\/wp-json\/wp\/v2\/tags?post=4996"}],"curies":[{"name":"wp","href":"https:\/\/api.w.org\/{rel}","templated":true}]}}