{"id":4266,"date":"2020-06-29T09:23:47","date_gmt":"2020-06-29T07:23:47","guid":{"rendered":"https:\/\/comunitaria.panelserver.org\/?p=4266"},"modified":"2020-06-29T09:39:33","modified_gmt":"2020-06-29T07:39:33","slug":"la-crisi-sanitaria-demostra-per-que-un-administrador-de-finques-col%c2%b7legiat-afc-es-vital","status":"publish","type":"post","link":"https:\/\/comunitaria.es\/ca\/la-crisi-sanitaria-demostra-per-que-un-administrador-de-finques-col%c2%b7legiat-afc-es-vital\/","title":{"rendered":"La crisi sanit\u00e0ria demostra per qu\u00e8 un administrador de finques col\u00b7legiat (AFC) \u00e9s vital"},"content":{"rendered":"<h2 class=\"d-subtitle__txt\">Temps excepcionals com els viscuts permeten valorar la professionalitat i el comprom\u00eds amb el benestar de tots per part dels administradors de finques col\u00b7legiats de Catalunya.<\/h2>\n<p><!--more--><br \/>\nQuan la desescalada gradual comen\u00e7a a portar la normalitat al nostre dia a dia, \u00e9s hora de recon\u00e8ixer el treball dels qui durant m\u00e9s de dos mesos de crisi sanit\u00e0ria han estat exercint les seves responsabilitats, adaptant-se a les circumst\u00e0ncies.<\/p>\n<p>\u00c9s en temps complicats quan realment es demostra\u00a0<a href=\"https:\/\/donemlacarapertu.cafbl.cat\/index_es.php?utm_source=LaVanguardia&amp;utm_medium=BrandedContent&amp;utm_campaign=Donemlacarapertu\">el valor de comptar amb un bon professional com s\u00f3n els administradors de finques col\u00b7legiats (AFC)<\/a>, que han estat al costat dels seus clients oferint tots els seus serveis de manera telem\u00e0tica per a ajudar-los a superar de la millor manera les dificultats que han pogut sorgir durant el confinament. \u201cEls Administradors de Finques hem tingut l&#8217;oportunitat de mesurar les nostres forces com a col\u00b7lectiu professional, reafirmat el nostre comprom\u00eds com a prestadors de serveis essencials i exercint de canals de transmissi\u00f3 directa davant la societat i l&#8217;Administraci\u00f3 P\u00fablica\u201d explica\u00a0Anabel\u00a0Mir\u00f3, presidenta del Consell de Col\u00b7legis\u00a0d\u2019Administradors\u00a0de\u00a0Finques\u00a0de Catalunya. Els seus col\u00b7legiats han vetllat pels interessos i la salut de propietaris, ve\u00efns i comunitats amb un nivell de comprom\u00eds i professionalitat que han aportat confian\u00e7a i seguretat a tots. \u201cDes del primer moment, els\u00a0AFC\u00a0han assumit amb responsabilitat i rigor la seva missi\u00f3, garantint el bon funcionament de tots els serveis comuns en els immobles, traslladant les mesures i recomanacions necess\u00e0ries per a la seguretat de les persones, coordinant i solucionant incid\u00e8ncies, resolent dubtes i llan\u00e7ant missatges de tranquil\u00b7litat\u201d, destaca Mir\u00f3.<\/p>\n<p>&nbsp;<\/p>\n<h2 class=\"despiece-story-epigraph\"><img loading=\"lazy\" decoding=\"async\" class=\"aligncenter wp-image-4255 size-full\" src=\"https:\/\/comunitaria.es\/wp-content\/uploads\/2020\/06\/img_rvarona_20200615-125241_imagenes_lv_getty_anabel_miro_presidenta_del_cafbl_i_del_consell_caf-kUeC-656x437@LaVanguardia-Web.jpg\" alt=\"\" width=\"656\" height=\"437\" srcset=\"https:\/\/comunitaria.es\/wp-content\/uploads\/2020\/06\/img_rvarona_20200615-125241_imagenes_lv_getty_anabel_miro_presidenta_del_cafbl_i_del_consell_caf-kUeC-656x437@LaVanguardia-Web.jpg 656w, https:\/\/comunitaria.es\/wp-content\/uploads\/2020\/06\/img_rvarona_20200615-125241_imagenes_lv_getty_anabel_miro_presidenta_del_cafbl_i_del_consell_caf-kUeC-656x437@LaVanguardia-Web-300x200.jpg 300w, https:\/\/comunitaria.es\/wp-content\/uploads\/2020\/06\/img_rvarona_20200615-125241_imagenes_lv_getty_anabel_miro_presidenta_del_cafbl_i_del_consell_caf-kUeC-656x437@LaVanguardia-Web-640x426.jpg 640w, https:\/\/comunitaria.es\/wp-content\/uploads\/2020\/06\/img_rvarona_20200615-125241_imagenes_lv_getty_anabel_miro_presidenta_del_cafbl_i_del_consell_caf-kUeC-656x437@LaVanguardia-Web-400x266.jpg 400w, https:\/\/comunitaria.es\/wp-content\/uploads\/2020\/06\/img_rvarona_20200615-125241_imagenes_lv_getty_anabel_miro_presidenta_del_cafbl_i_del_consell_caf-kUeC-656x437@LaVanguardia-Web-367x244.jpg 367w\" sizes=\"auto, (max-width: 656px) 100vw, 656px\" \/><\/h2>\n<h3><\/h3>\n<h4 class=\"despiece-story-epigraph\">Per qu\u00e8 millor un administrador de finques col\u00b7legiat (AFC)<\/h4>\n<p><a href=\"https:\/\/donemlacarapertu.cafbl.cat\/index_es.php?utm_source=LaVanguardia&amp;utm_medium=BrandedContent&amp;utm_campaign=Donemlacarapertu\">Els\u00a0administradors de finques<\/a>\u00a0ofereixen la m\u00e9s alta qualitat de servei i de comprom\u00eds al compliment de les necessitats dels seus clients i que es complementa, per la seva pertinen\u00e7a a l&#8217;organitzaci\u00f3 col\u00b7legial, amb assegurances professionals que atorguen un plus de garantia als consumidors i usuaris en totes les seves actuacions.<\/p>\n<p>El treball dels administradors de finques adscrits als tres col\u00b7legis que conformen el Consell de\u00a0CAFCAT\u00a0s\u00f3n el Col\u00b7legi\u00a0d\u2019Administradors\u00a0de\u00a0Finques\u00a0de Barcelona-Lleida, el de Tarragona i el de Girona; els qui desenvolupen una intensa labor seguint cinc l\u00ednies estrat\u00e8giques: el seguiment d&#8217;un codi deontol\u00f2gic que garanteixi la bona praxi dels col\u00b7legiats atenent per a aix\u00f2 a la ciutadania; la divulgaci\u00f3 de la professi\u00f3 i de la marca professional; la formaci\u00f3 continuada als seus col\u00b7legiats; la informaci\u00f3, traslladant i facilitant l&#8217;abundant normativa que emana dels poders p\u00fablics, aix\u00ed com els serveis que afavoreixen la seva activitat, com per exemple i entre altres, el d&#8217;emissi\u00f3 de certificats electr\u00f2nics que tan \u00fatil s&#8217;ha demostrat en aquesta etapa de tramitacions virtuals.<\/p>\n<p>&nbsp;<\/p>\n<p><img loading=\"lazy\" decoding=\"async\" class=\"aligncenter wp-image-4257 size-full\" src=\"https:\/\/comunitaria.es\/wp-content\/uploads\/2020\/06\/img_rvarona_20200615-125311_imagenes_lv_getty_multitv-kUeC-656x437@LaVanguardia-Web.jpg\" alt=\"\" width=\"656\" height=\"437\" srcset=\"https:\/\/comunitaria.es\/wp-content\/uploads\/2020\/06\/img_rvarona_20200615-125311_imagenes_lv_getty_multitv-kUeC-656x437@LaVanguardia-Web.jpg 656w, https:\/\/comunitaria.es\/wp-content\/uploads\/2020\/06\/img_rvarona_20200615-125311_imagenes_lv_getty_multitv-kUeC-656x437@LaVanguardia-Web-300x200.jpg 300w, https:\/\/comunitaria.es\/wp-content\/uploads\/2020\/06\/img_rvarona_20200615-125311_imagenes_lv_getty_multitv-kUeC-656x437@LaVanguardia-Web-640x426.jpg 640w, https:\/\/comunitaria.es\/wp-content\/uploads\/2020\/06\/img_rvarona_20200615-125311_imagenes_lv_getty_multitv-kUeC-656x437@LaVanguardia-Web-400x266.jpg 400w, https:\/\/comunitaria.es\/wp-content\/uploads\/2020\/06\/img_rvarona_20200615-125311_imagenes_lv_getty_multitv-kUeC-656x437@LaVanguardia-Web-367x244.jpg 367w\" sizes=\"auto, (max-width: 656px) 100vw, 656px\" \/><\/p>\n<h3><\/h3>\n<h4 class=\"despiece-story-epigraph\">Els avantatges de comptar amb un administrador de finques col\u00b7legiat (AFC)<\/h4>\n<p>Entre altres, la bona gesti\u00f3 dels edificis implica adoptar les mesures convenients per a conservar els b\u00e9ns i funcionament dels serveis d&#8217;aquests, decidint fins i tot les obres de reparaci\u00f3 i conservaci\u00f3 de car\u00e0cter urgent.<\/p>\n<p>Altres funcions de gran import\u00e0ncia s\u00f3n les solucions per a controlar els problemes per morositat, situacions que habitualment resol amb efic\u00e0cia un administrador de finques, assessorant sobre com ha d&#8217;actuar la comunitat de propietaris davant un ve\u00ed mor\u00f3s, qu\u00e8 passa si aquest propietari \u00e9s un banc, o com afrontar que es negui a complir amb les seves obligacions de pagament.<\/p>\n<p>&nbsp;<\/p>\n<p><img loading=\"lazy\" decoding=\"async\" class=\"aligncenter wp-image-4259 size-full\" src=\"https:\/\/comunitaria.es\/wp-content\/uploads\/2020\/06\/img_rvarona_20200615-132254_imagenes_lv_getty_gettyimages-914454594-kUeC-656x436@LaVanguardia-Web.jpg\" alt=\"\" width=\"656\" height=\"436\" srcset=\"https:\/\/comunitaria.es\/wp-content\/uploads\/2020\/06\/img_rvarona_20200615-132254_imagenes_lv_getty_gettyimages-914454594-kUeC-656x436@LaVanguardia-Web.jpg 656w, https:\/\/comunitaria.es\/wp-content\/uploads\/2020\/06\/img_rvarona_20200615-132254_imagenes_lv_getty_gettyimages-914454594-kUeC-656x436@LaVanguardia-Web-300x199.jpg 300w, https:\/\/comunitaria.es\/wp-content\/uploads\/2020\/06\/img_rvarona_20200615-132254_imagenes_lv_getty_gettyimages-914454594-kUeC-656x436@LaVanguardia-Web-640x425.jpg 640w, https:\/\/comunitaria.es\/wp-content\/uploads\/2020\/06\/img_rvarona_20200615-132254_imagenes_lv_getty_gettyimages-914454594-kUeC-656x436@LaVanguardia-Web-400x266.jpg 400w, https:\/\/comunitaria.es\/wp-content\/uploads\/2020\/06\/img_rvarona_20200615-132254_imagenes_lv_getty_gettyimages-914454594-kUeC-656x436@LaVanguardia-Web-367x244.jpg 367w\" sizes=\"auto, (max-width: 656px) 100vw, 656px\" \/><\/p>\n<h3><\/h3>\n<h4>Morositat, ocupacions, accessibilitat, assegurances, control de manteniment de l&#8217;edifici\u2026 s\u00f3n algunes de les situacions que habitualment resolen els administradors de finques de Catalunya<\/h4>\n<p>Una altra de la feina de casa \u00e9s assessorar els propietaris quan es plantegen problemes d&#8217;accessibilitat, proposant les diferents solucions per a eliminar les barreres arquitect\u00f2niques. Tamb\u00e9 la mediaci\u00f3 davant els problemes de conviv\u00e8ncia, sorolls o els derivats en casos d&#8217;ocupaci\u00f3 d&#8217;una finca o immoble i les dificultats associades de seguretat, manteniment o desordres que es poden arribar a produir.<\/p>\n<p>Aix\u00ed mateix, informen i assessoren en casos d&#8217;incid\u00e8ncies que puguin sorgir sobre la possible cobertura de la p\u00f2lissa d&#8217;assegurances de l&#8217;edifici i qualsevol altra gesti\u00f3 relacionada amb les reparacions necess\u00e0ries relacionades amb la conservaci\u00f3 i manteniment de l&#8217;immoble.<\/p>\n<p>En tots els casos, els administradors de finques donen la resposta adequada, respectant els interessos de tots els implicats, fent-se c\u00e0rrec de tots els tr\u00e0mits i ajustant-se a la legislaci\u00f3 a aplicar en cada situaci\u00f3. Els administradors de finques col\u00b7legiats, sens dubte, s\u00f3n els professionals en qui confiar quan es tracta d&#8217;un b\u00e9 tan important com l&#8217;habitatge o gesti\u00f3 del patrimoni immobiliari.<\/p>\n","protected":false},"excerpt":{"rendered":"<p>Temps excepcionals com els viscuts permeten valorar la professionalitat i el comprom\u00eds amb el benestar de tots per part dels administradors de finques col\u00b7legiats de Catalunya.<\/p>\n","protected":false},"author":2,"featured_media":4262,"comment_status":"closed","ping_status":"closed","sticky":false,"template":"","format":"standard","meta":{"_joinchat":[],"footnotes":""},"categories":[9],"tags":[],"class_list":["post-4266","post","type-post","status-publish","format-standard","has-post-thumbnail","hentry","category-noticies","category-9","description-off"],"yoast_head":"<!-- This site is optimized with the Yoast SEO plugin v28.3 - https:\/\/yoast.com\/product\/yoast-seo-wordpress\/ -->\n<title>La crisi sanit\u00e0ria demostra per qu\u00e8 un administrador de finques col\u00b7legiat (AFC) \u00e9s vital - Comunit\u00e0ria - Administraci\u00f3 i Serveis<\/title>\n<meta name=\"robots\" content=\"index, follow, max-snippet:-1, max-image-preview:large, max-video-preview:-1\" \/>\n<link rel=\"canonical\" href=\"https:\/\/comunitaria.es\/ca\/la-crisi-sanitaria-demostra-per-que-un-administrador-de-finques-col%c2%b7legiat-afc-es-vital\/\" \/>\n<meta property=\"og:locale\" content=\"ca_ES\" \/>\n<meta property=\"og:type\" content=\"article\" \/>\n<meta property=\"og:title\" content=\"La crisi sanit\u00e0ria demostra per qu\u00e8 un administrador de finques col\u00b7legiat (AFC) \u00e9s vital - Comunit\u00e0ria - Administraci\u00f3 i Serveis\" \/>\n<meta property=\"og:description\" content=\"Temps excepcionals com els viscuts permeten valorar la professionalitat i el comprom\u00eds amb el benestar de tots per part dels administradors de finques col\u00b7legiats de Catalunya.\" \/>\n<meta property=\"og:url\" content=\"https:\/\/comunitaria.es\/ca\/la-crisi-sanitaria-demostra-per-que-un-administrador-de-finques-col%c2%b7legiat-afc-es-vital\/\" \/>\n<meta property=\"og:site_name\" content=\"Comunit\u00e0ria - Administraci\u00f3 i Serveis\" \/>\n<meta property=\"article:published_time\" content=\"2020-06-29T07:23:47+00:00\" \/>\n<meta property=\"article:modified_time\" content=\"2020-06-29T07:39:33+00:00\" \/>\n<meta property=\"og:image\" content=\"https:\/\/www.comunitaria.es\/wp-content\/uploads\/2020\/06\/img_rvarona_20200615-132254_imagenes_lv_getty_gettyimages-1201684905-kjnC-U4817865324864lF-992x558@LaVanguardia-Web.jpg\" \/>\n\t<meta property=\"og:image:width\" content=\"968\" \/>\n\t<meta property=\"og:image:height\" content=\"558\" \/>\n\t<meta property=\"og:image:type\" content=\"image\/jpeg\" \/>\n<meta name=\"author\" content=\"Jordi Rabinat\" \/>\n<meta name=\"twitter:card\" content=\"summary_large_image\" \/>\n<meta name=\"twitter:label1\" content=\"Written by\" \/>\n\t<meta name=\"twitter:data1\" content=\"Jordi Rabinat\" \/>\n\t<meta name=\"twitter:label2\" content=\"Est. reading time\" \/>\n\t<meta name=\"twitter:data2\" content=\"4 minutes\" \/>\n<script type=\"application\/ld+json\" class=\"yoast-schema-graph\">{\"@context\":\"https:\\\/\\\/schema.org\",\"@graph\":[{\"@type\":\"Article\",\"@id\":\"https:\\\/\\\/comunitaria.es\\\/ca\\\/la-crisi-sanitaria-demostra-per-que-un-administrador-de-finques-col%c2%b7legiat-afc-es-vital\\\/#article\",\"isPartOf\":{\"@id\":\"https:\\\/\\\/comunitaria.es\\\/ca\\\/la-crisi-sanitaria-demostra-per-que-un-administrador-de-finques-col%c2%b7legiat-afc-es-vital\\\/\"},\"author\":{\"name\":\"Jordi Rabinat\",\"@id\":\"https:\\\/\\\/comunitaria.es\\\/ca\\\/#\\\/schema\\\/person\\\/2a36b19753560c6dc21f74a3e203685e\"},\"headline\":\"La crisi sanit\u00e0ria demostra per qu\u00e8 un administrador de finques col\u00b7legiat (AFC) \u00e9s vital\",\"datePublished\":\"2020-06-29T07:23:47+00:00\",\"dateModified\":\"2020-06-29T07:39:33+00:00\",\"mainEntityOfPage\":{\"@id\":\"https:\\\/\\\/comunitaria.es\\\/ca\\\/la-crisi-sanitaria-demostra-per-que-un-administrador-de-finques-col%c2%b7legiat-afc-es-vital\\\/\"},\"wordCount\":802,\"publisher\":{\"@id\":\"https:\\\/\\\/comunitaria.es\\\/ca\\\/#organization\"},\"image\":{\"@id\":\"https:\\\/\\\/comunitaria.es\\\/ca\\\/la-crisi-sanitaria-demostra-per-que-un-administrador-de-finques-col%c2%b7legiat-afc-es-vital\\\/#primaryimage\"},\"thumbnailUrl\":\"https:\\\/\\\/comunitaria.es\\\/wp-content\\\/uploads\\\/2020\\\/06\\\/img_rvarona_20200615-132254_imagenes_lv_getty_gettyimages-1201684905-kjnC-U4817865324864lF-992x558@LaVanguardia-Web.jpg\",\"articleSection\":[\"Noticies\"],\"inLanguage\":\"ca\"},{\"@type\":\"WebPage\",\"@id\":\"https:\\\/\\\/comunitaria.es\\\/ca\\\/la-crisi-sanitaria-demostra-per-que-un-administrador-de-finques-col%c2%b7legiat-afc-es-vital\\\/\",\"url\":\"https:\\\/\\\/comunitaria.es\\\/ca\\\/la-crisi-sanitaria-demostra-per-que-un-administrador-de-finques-col%c2%b7legiat-afc-es-vital\\\/\",\"name\":\"La crisi sanit\u00e0ria demostra per qu\u00e8 un administrador de finques col\u00b7legiat (AFC) \u00e9s vital - Comunit\u00e0ria - Administraci\u00f3 i Serveis\",\"isPartOf\":{\"@id\":\"https:\\\/\\\/comunitaria.es\\\/ca\\\/#website\"},\"primaryImageOfPage\":{\"@id\":\"https:\\\/\\\/comunitaria.es\\\/ca\\\/la-crisi-sanitaria-demostra-per-que-un-administrador-de-finques-col%c2%b7legiat-afc-es-vital\\\/#primaryimage\"},\"image\":{\"@id\":\"https:\\\/\\\/comunitaria.es\\\/ca\\\/la-crisi-sanitaria-demostra-per-que-un-administrador-de-finques-col%c2%b7legiat-afc-es-vital\\\/#primaryimage\"},\"thumbnailUrl\":\"https:\\\/\\\/comunitaria.es\\\/wp-content\\\/uploads\\\/2020\\\/06\\\/img_rvarona_20200615-132254_imagenes_lv_getty_gettyimages-1201684905-kjnC-U4817865324864lF-992x558@LaVanguardia-Web.jpg\",\"datePublished\":\"2020-06-29T07:23:47+00:00\",\"dateModified\":\"2020-06-29T07:39:33+00:00\",\"breadcrumb\":{\"@id\":\"https:\\\/\\\/comunitaria.es\\\/ca\\\/la-crisi-sanitaria-demostra-per-que-un-administrador-de-finques-col%c2%b7legiat-afc-es-vital\\\/#breadcrumb\"},\"inLanguage\":\"ca\",\"potentialAction\":[{\"@type\":\"ReadAction\",\"target\":[\"https:\\\/\\\/comunitaria.es\\\/ca\\\/la-crisi-sanitaria-demostra-per-que-un-administrador-de-finques-col%c2%b7legiat-afc-es-vital\\\/\"]}]},{\"@type\":\"ImageObject\",\"inLanguage\":\"ca\",\"@id\":\"https:\\\/\\\/comunitaria.es\\\/ca\\\/la-crisi-sanitaria-demostra-per-que-un-administrador-de-finques-col%c2%b7legiat-afc-es-vital\\\/#primaryimage\",\"url\":\"https:\\\/\\\/comunitaria.es\\\/wp-content\\\/uploads\\\/2020\\\/06\\\/img_rvarona_20200615-132254_imagenes_lv_getty_gettyimages-1201684905-kjnC-U4817865324864lF-992x558@LaVanguardia-Web.jpg\",\"contentUrl\":\"https:\\\/\\\/comunitaria.es\\\/wp-content\\\/uploads\\\/2020\\\/06\\\/img_rvarona_20200615-132254_imagenes_lv_getty_gettyimages-1201684905-kjnC-U4817865324864lF-992x558@LaVanguardia-Web.jpg\",\"width\":968,\"height\":558},{\"@type\":\"BreadcrumbList\",\"@id\":\"https:\\\/\\\/comunitaria.es\\\/ca\\\/la-crisi-sanitaria-demostra-per-que-un-administrador-de-finques-col%c2%b7legiat-afc-es-vital\\\/#breadcrumb\",\"itemListElement\":[{\"@type\":\"ListItem\",\"position\":1,\"name\":\"Portada\",\"item\":\"https:\\\/\\\/comunitaria.es\\\/ca\\\/\"},{\"@type\":\"ListItem\",\"position\":2,\"name\":\"La crisi sanit\u00e0ria demostra per qu\u00e8 un administrador de finques col\u00b7legiat (AFC) \u00e9s vital\"}]},{\"@type\":\"WebSite\",\"@id\":\"https:\\\/\\\/comunitaria.es\\\/ca\\\/#website\",\"url\":\"https:\\\/\\\/comunitaria.es\\\/ca\\\/\",\"name\":\"Comunit\u00e0ria - Administraci\u00f3 i Serveis\",\"description\":\"\",\"publisher\":{\"@id\":\"https:\\\/\\\/comunitaria.es\\\/ca\\\/#organization\"},\"potentialAction\":[{\"@type\":\"SearchAction\",\"target\":{\"@type\":\"EntryPoint\",\"urlTemplate\":\"https:\\\/\\\/comunitaria.es\\\/ca\\\/?s={search_term_string}\"},\"query-input\":{\"@type\":\"PropertyValueSpecification\",\"valueRequired\":true,\"valueName\":\"search_term_string\"}}],\"inLanguage\":\"ca\"},{\"@type\":\"Organization\",\"@id\":\"https:\\\/\\\/comunitaria.es\\\/ca\\\/#organization\",\"name\":\"Comunitaria Administraci\u00f3 i Serveis SL\",\"url\":\"https:\\\/\\\/comunitaria.es\\\/ca\\\/\",\"logo\":{\"@type\":\"ImageObject\",\"inLanguage\":\"ca\",\"@id\":\"https:\\\/\\\/comunitaria.es\\\/ca\\\/#\\\/schema\\\/logo\\\/image\\\/\",\"url\":\"https:\\\/\\\/www.comunitaria.es\\\/wp-content\\\/uploads\\\/2020\\\/05\\\/logo-comunitaria-25.png\",\"contentUrl\":\"https:\\\/\\\/www.comunitaria.es\\\/wp-content\\\/uploads\\\/2020\\\/05\\\/logo-comunitaria-25.png\",\"width\":225,\"height\":104,\"caption\":\"Comunitaria Administraci\u00f3 i Serveis SL\"},\"image\":{\"@id\":\"https:\\\/\\\/comunitaria.es\\\/ca\\\/#\\\/schema\\\/logo\\\/image\\\/\"}},{\"@type\":\"Person\",\"@id\":\"https:\\\/\\\/comunitaria.es\\\/ca\\\/#\\\/schema\\\/person\\\/2a36b19753560c6dc21f74a3e203685e\",\"name\":\"Jordi Rabinat\",\"image\":{\"@type\":\"ImageObject\",\"inLanguage\":\"ca\",\"@id\":\"https:\\\/\\\/secure.gravatar.com\\\/avatar\\\/3cd1bf0f1725d960583d0a5f495cb186f775ab8484b40ea4de0a067d699dadd0?s=96&d=mm&r=g\",\"url\":\"https:\\\/\\\/secure.gravatar.com\\\/avatar\\\/3cd1bf0f1725d960583d0a5f495cb186f775ab8484b40ea4de0a067d699dadd0?s=96&d=mm&r=g\",\"contentUrl\":\"https:\\\/\\\/secure.gravatar.com\\\/avatar\\\/3cd1bf0f1725d960583d0a5f495cb186f775ab8484b40ea4de0a067d699dadd0?s=96&d=mm&r=g\",\"caption\":\"Jordi Rabinat\"},\"sameAs\":[\"http:\\\/\\\/comunitaria\"]}]}<\/script>\n<!-- \/ Yoast SEO plugin. -->","yoast_head_json":{"title":"La crisi sanit\u00e0ria demostra per qu\u00e8 un administrador de finques col\u00b7legiat (AFC) \u00e9s vital - Comunit\u00e0ria - Administraci\u00f3 i Serveis","robots":{"index":"index","follow":"follow","max-snippet":"max-snippet:-1","max-image-preview":"max-image-preview:large","max-video-preview":"max-video-preview:-1"},"canonical":"https:\/\/comunitaria.es\/ca\/la-crisi-sanitaria-demostra-per-que-un-administrador-de-finques-col%c2%b7legiat-afc-es-vital\/","og_locale":"ca_ES","og_type":"article","og_title":"La crisi sanit\u00e0ria demostra per qu\u00e8 un administrador de finques col\u00b7legiat (AFC) \u00e9s vital - Comunit\u00e0ria - Administraci\u00f3 i Serveis","og_description":"Temps excepcionals com els viscuts permeten valorar la professionalitat i el comprom\u00eds amb el benestar de tots per part dels administradors de finques col\u00b7legiats de Catalunya.","og_url":"https:\/\/comunitaria.es\/ca\/la-crisi-sanitaria-demostra-per-que-un-administrador-de-finques-col%c2%b7legiat-afc-es-vital\/","og_site_name":"Comunit\u00e0ria - Administraci\u00f3 i Serveis","article_published_time":"2020-06-29T07:23:47+00:00","article_modified_time":"2020-06-29T07:39:33+00:00","og_image":[{"width":968,"height":558,"url":"https:\/\/www.comunitaria.es\/wp-content\/uploads\/2020\/06\/img_rvarona_20200615-132254_imagenes_lv_getty_gettyimages-1201684905-kjnC-U4817865324864lF-992x558@LaVanguardia-Web.jpg","type":"image\/jpeg"}],"author":"Jordi Rabinat","twitter_card":"summary_large_image","twitter_misc":{"Written by":"Jordi Rabinat","Est. reading time":"4 minutes"},"schema":{"@context":"https:\/\/schema.org","@graph":[{"@type":"Article","@id":"https:\/\/comunitaria.es\/ca\/la-crisi-sanitaria-demostra-per-que-un-administrador-de-finques-col%c2%b7legiat-afc-es-vital\/#article","isPartOf":{"@id":"https:\/\/comunitaria.es\/ca\/la-crisi-sanitaria-demostra-per-que-un-administrador-de-finques-col%c2%b7legiat-afc-es-vital\/"},"author":{"name":"Jordi Rabinat","@id":"https:\/\/comunitaria.es\/ca\/#\/schema\/person\/2a36b19753560c6dc21f74a3e203685e"},"headline":"La crisi sanit\u00e0ria demostra per qu\u00e8 un administrador de finques col\u00b7legiat (AFC) \u00e9s vital","datePublished":"2020-06-29T07:23:47+00:00","dateModified":"2020-06-29T07:39:33+00:00","mainEntityOfPage":{"@id":"https:\/\/comunitaria.es\/ca\/la-crisi-sanitaria-demostra-per-que-un-administrador-de-finques-col%c2%b7legiat-afc-es-vital\/"},"wordCount":802,"publisher":{"@id":"https:\/\/comunitaria.es\/ca\/#organization"},"image":{"@id":"https:\/\/comunitaria.es\/ca\/la-crisi-sanitaria-demostra-per-que-un-administrador-de-finques-col%c2%b7legiat-afc-es-vital\/#primaryimage"},"thumbnailUrl":"https:\/\/comunitaria.es\/wp-content\/uploads\/2020\/06\/img_rvarona_20200615-132254_imagenes_lv_getty_gettyimages-1201684905-kjnC-U4817865324864lF-992x558@LaVanguardia-Web.jpg","articleSection":["Noticies"],"inLanguage":"ca"},{"@type":"WebPage","@id":"https:\/\/comunitaria.es\/ca\/la-crisi-sanitaria-demostra-per-que-un-administrador-de-finques-col%c2%b7legiat-afc-es-vital\/","url":"https:\/\/comunitaria.es\/ca\/la-crisi-sanitaria-demostra-per-que-un-administrador-de-finques-col%c2%b7legiat-afc-es-vital\/","name":"La crisi sanit\u00e0ria demostra per qu\u00e8 un administrador de finques col\u00b7legiat (AFC) \u00e9s vital - Comunit\u00e0ria - Administraci\u00f3 i Serveis","isPartOf":{"@id":"https:\/\/comunitaria.es\/ca\/#website"},"primaryImageOfPage":{"@id":"https:\/\/comunitaria.es\/ca\/la-crisi-sanitaria-demostra-per-que-un-administrador-de-finques-col%c2%b7legiat-afc-es-vital\/#primaryimage"},"image":{"@id":"https:\/\/comunitaria.es\/ca\/la-crisi-sanitaria-demostra-per-que-un-administrador-de-finques-col%c2%b7legiat-afc-es-vital\/#primaryimage"},"thumbnailUrl":"https:\/\/comunitaria.es\/wp-content\/uploads\/2020\/06\/img_rvarona_20200615-132254_imagenes_lv_getty_gettyimages-1201684905-kjnC-U4817865324864lF-992x558@LaVanguardia-Web.jpg","datePublished":"2020-06-29T07:23:47+00:00","dateModified":"2020-06-29T07:39:33+00:00","breadcrumb":{"@id":"https:\/\/comunitaria.es\/ca\/la-crisi-sanitaria-demostra-per-que-un-administrador-de-finques-col%c2%b7legiat-afc-es-vital\/#breadcrumb"},"inLanguage":"ca","potentialAction":[{"@type":"ReadAction","target":["https:\/\/comunitaria.es\/ca\/la-crisi-sanitaria-demostra-per-que-un-administrador-de-finques-col%c2%b7legiat-afc-es-vital\/"]}]},{"@type":"ImageObject","inLanguage":"ca","@id":"https:\/\/comunitaria.es\/ca\/la-crisi-sanitaria-demostra-per-que-un-administrador-de-finques-col%c2%b7legiat-afc-es-vital\/#primaryimage","url":"https:\/\/comunitaria.es\/wp-content\/uploads\/2020\/06\/img_rvarona_20200615-132254_imagenes_lv_getty_gettyimages-1201684905-kjnC-U4817865324864lF-992x558@LaVanguardia-Web.jpg","contentUrl":"https:\/\/comunitaria.es\/wp-content\/uploads\/2020\/06\/img_rvarona_20200615-132254_imagenes_lv_getty_gettyimages-1201684905-kjnC-U4817865324864lF-992x558@LaVanguardia-Web.jpg","width":968,"height":558},{"@type":"BreadcrumbList","@id":"https:\/\/comunitaria.es\/ca\/la-crisi-sanitaria-demostra-per-que-un-administrador-de-finques-col%c2%b7legiat-afc-es-vital\/#breadcrumb","itemListElement":[{"@type":"ListItem","position":1,"name":"Portada","item":"https:\/\/comunitaria.es\/ca\/"},{"@type":"ListItem","position":2,"name":"La crisi sanit\u00e0ria demostra per qu\u00e8 un administrador de finques col\u00b7legiat (AFC) \u00e9s vital"}]},{"@type":"WebSite","@id":"https:\/\/comunitaria.es\/ca\/#website","url":"https:\/\/comunitaria.es\/ca\/","name":"Comunit\u00e0ria - Administraci\u00f3 i Serveis","description":"","publisher":{"@id":"https:\/\/comunitaria.es\/ca\/#organization"},"potentialAction":[{"@type":"SearchAction","target":{"@type":"EntryPoint","urlTemplate":"https:\/\/comunitaria.es\/ca\/?s={search_term_string}"},"query-input":{"@type":"PropertyValueSpecification","valueRequired":true,"valueName":"search_term_string"}}],"inLanguage":"ca"},{"@type":"Organization","@id":"https:\/\/comunitaria.es\/ca\/#organization","name":"Comunitaria Administraci\u00f3 i Serveis SL","url":"https:\/\/comunitaria.es\/ca\/","logo":{"@type":"ImageObject","inLanguage":"ca","@id":"https:\/\/comunitaria.es\/ca\/#\/schema\/logo\/image\/","url":"https:\/\/www.comunitaria.es\/wp-content\/uploads\/2020\/05\/logo-comunitaria-25.png","contentUrl":"https:\/\/www.comunitaria.es\/wp-content\/uploads\/2020\/05\/logo-comunitaria-25.png","width":225,"height":104,"caption":"Comunitaria Administraci\u00f3 i Serveis SL"},"image":{"@id":"https:\/\/comunitaria.es\/ca\/#\/schema\/logo\/image\/"}},{"@type":"Person","@id":"https:\/\/comunitaria.es\/ca\/#\/schema\/person\/2a36b19753560c6dc21f74a3e203685e","name":"Jordi Rabinat","image":{"@type":"ImageObject","inLanguage":"ca","@id":"https:\/\/secure.gravatar.com\/avatar\/3cd1bf0f1725d960583d0a5f495cb186f775ab8484b40ea4de0a067d699dadd0?s=96&d=mm&r=g","url":"https:\/\/secure.gravatar.com\/avatar\/3cd1bf0f1725d960583d0a5f495cb186f775ab8484b40ea4de0a067d699dadd0?s=96&d=mm&r=g","contentUrl":"https:\/\/secure.gravatar.com\/avatar\/3cd1bf0f1725d960583d0a5f495cb186f775ab8484b40ea4de0a067d699dadd0?s=96&d=mm&r=g","caption":"Jordi Rabinat"},"sameAs":["http:\/\/comunitaria"]}]}},"_links":{"self":[{"href":"https:\/\/comunitaria.es\/ca\/wp-json\/wp\/v2\/posts\/4266","targetHints":{"allow":["GET"]}}],"collection":[{"href":"https:\/\/comunitaria.es\/ca\/wp-json\/wp\/v2\/posts"}],"about":[{"href":"https:\/\/comunitaria.es\/ca\/wp-json\/wp\/v2\/types\/post"}],"author":[{"embeddable":true,"href":"https:\/\/comunitaria.es\/ca\/wp-json\/wp\/v2\/users\/2"}],"replies":[{"embeddable":true,"href":"https:\/\/comunitaria.es\/ca\/wp-json\/wp\/v2\/comments?post=4266"}],"version-history":[{"count":2,"href":"https:\/\/comunitaria.es\/ca\/wp-json\/wp\/v2\/posts\/4266\/revisions"}],"predecessor-version":[{"id":4268,"href":"https:\/\/comunitaria.es\/ca\/wp-json\/wp\/v2\/posts\/4266\/revisions\/4268"}],"wp:featuredmedia":[{"embeddable":true,"href":"https:\/\/comunitaria.es\/ca\/wp-json\/wp\/v2\/media\/4262"}],"wp:attachment":[{"href":"https:\/\/comunitaria.es\/ca\/wp-json\/wp\/v2\/media?parent=4266"}],"wp:term":[{"taxonomy":"category","embeddable":true,"href":"https:\/\/comunitaria.es\/ca\/wp-json\/wp\/v2\/categories?post=4266"},{"taxonomy":"post_tag","embeddable":true,"href":"https:\/\/comunitaria.es\/ca\/wp-json\/wp\/v2\/tags?post=4266"}],"curies":[{"name":"wp","href":"https:\/\/api.w.org\/{rel}","templated":true}]}}