{"id":3634,"date":"2019-05-09T20:42:18","date_gmt":"2019-05-09T18:42:18","guid":{"rendered":"https:\/\/comunitaria.panelserver.org\/?p=3634"},"modified":"2020-07-08T10:42:41","modified_gmt":"2020-07-08T08:42:41","slug":"comunitaria-estrena-la-seva-nova-web","status":"publish","type":"post","link":"https:\/\/comunitaria.es\/ca\/comunitaria-estrena-la-seva-nova-web\/","title":{"rendered":"Comunit\u00e0ria Estrena la seva nova Web"},"content":{"rendered":"<p>Comunit\u00e0ria estrena la seva nova Web amb una imatge visual m\u00e9s clara i moderna per a facilitar als usuaris la seva interacci\u00f3 en ella.<\/p>\n","protected":false},"excerpt":{"rendered":"<p>Comunit\u00e0ria estrena la seva nova Web amb una imatge visual m\u00e9s clara i moderna per a facilitar als usuaris la seva interacci\u00f3 en ella.<\/p>\n","protected":false},"author":2,"featured_media":3631,"comment_status":"closed","ping_status":"closed","sticky":false,"template":"","format":"standard","meta":{"_joinchat":[],"footnotes":""},"categories":[9],"tags":[],"class_list":["post-3634","post","type-post","status-publish","format-standard","has-post-thumbnail","hentry","category-noticies","category-9","description-off"],"yoast_head":"<!-- This site is optimized with the Yoast SEO plugin v28.3 - https:\/\/yoast.com\/product\/yoast-seo-wordpress\/ -->\n<title>Comunit\u00e0ria Estrena la seva nova Web - Comunit\u00e0ria - Administraci\u00f3 i Serveis<\/title>\n<meta name=\"robots\" content=\"index, follow, max-snippet:-1, max-image-preview:large, max-video-preview:-1\" \/>\n<link rel=\"canonical\" href=\"https:\/\/comunitaria.es\/ca\/comunitaria-estrena-la-seva-nova-web\/\" \/>\n<meta property=\"og:locale\" content=\"ca_ES\" \/>\n<meta property=\"og:type\" content=\"article\" \/>\n<meta property=\"og:title\" content=\"Comunit\u00e0ria Estrena la seva nova Web - Comunit\u00e0ria - Administraci\u00f3 i Serveis\" \/>\n<meta property=\"og:description\" content=\"Comunit\u00e0ria estrena la seva nova Web amb una imatge visual m\u00e9s clara i moderna per a facilitar als usuaris la seva interacci\u00f3 en ella.\" \/>\n<meta property=\"og:url\" content=\"https:\/\/comunitaria.es\/ca\/comunitaria-estrena-la-seva-nova-web\/\" \/>\n<meta property=\"og:site_name\" content=\"Comunit\u00e0ria - Administraci\u00f3 i Serveis\" \/>\n<meta property=\"article:published_time\" content=\"2019-05-09T18:42:18+00:00\" \/>\n<meta property=\"article:modified_time\" content=\"2020-07-08T08:42:41+00:00\" \/>\n<meta property=\"og:image\" content=\"https:\/\/www.comunitaria.es\/wp-content\/uploads\/2019\/05\/Noticia-1024x683.png\" \/>\n\t<meta property=\"og:image:width\" content=\"1024\" \/>\n\t<meta property=\"og:image:height\" content=\"683\" \/>\n\t<meta property=\"og:image:type\" content=\"image\/png\" \/>\n<meta name=\"author\" content=\"Jordi Rabinat\" \/>\n<meta name=\"twitter:card\" content=\"summary_large_image\" \/>\n<meta name=\"twitter:label1\" content=\"Written by\" \/>\n\t<meta name=\"twitter:data1\" content=\"Jordi Rabinat\" \/>\n<script type=\"application\/ld+json\" class=\"yoast-schema-graph\">{\"@context\":\"https:\\\/\\\/schema.org\",\"@graph\":[{\"@type\":\"Article\",\"@id\":\"https:\\\/\\\/comunitaria.es\\\/ca\\\/comunitaria-estrena-la-seva-nova-web\\\/#article\",\"isPartOf\":{\"@id\":\"https:\\\/\\\/comunitaria.es\\\/ca\\\/comunitaria-estrena-la-seva-nova-web\\\/\"},\"author\":{\"name\":\"Jordi Rabinat\",\"@id\":\"https:\\\/\\\/comunitaria.es\\\/ca\\\/#\\\/schema\\\/person\\\/2a36b19753560c6dc21f74a3e203685e\"},\"headline\":\"Comunit\u00e0ria Estrena la seva nova Web\",\"datePublished\":\"2019-05-09T18:42:18+00:00\",\"dateModified\":\"2020-07-08T08:42:41+00:00\",\"mainEntityOfPage\":{\"@id\":\"https:\\\/\\\/comunitaria.es\\\/ca\\\/comunitaria-estrena-la-seva-nova-web\\\/\"},\"wordCount\":33,\"publisher\":{\"@id\":\"https:\\\/\\\/comunitaria.es\\\/ca\\\/#organization\"},\"image\":{\"@id\":\"https:\\\/\\\/comunitaria.es\\\/ca\\\/comunitaria-estrena-la-seva-nova-web\\\/#primaryimage\"},\"thumbnailUrl\":\"https:\\\/\\\/comunitaria.es\\\/wp-content\\\/uploads\\\/2019\\\/05\\\/Noticia.png\",\"articleSection\":[\"Noticies\"],\"inLanguage\":\"ca\"},{\"@type\":\"WebPage\",\"@id\":\"https:\\\/\\\/comunitaria.es\\\/ca\\\/comunitaria-estrena-la-seva-nova-web\\\/\",\"url\":\"https:\\\/\\\/comunitaria.es\\\/ca\\\/comunitaria-estrena-la-seva-nova-web\\\/\",\"name\":\"Comunit\u00e0ria Estrena la seva nova Web - Comunit\u00e0ria - Administraci\u00f3 i Serveis\",\"isPartOf\":{\"@id\":\"https:\\\/\\\/comunitaria.es\\\/ca\\\/#website\"},\"primaryImageOfPage\":{\"@id\":\"https:\\\/\\\/comunitaria.es\\\/ca\\\/comunitaria-estrena-la-seva-nova-web\\\/#primaryimage\"},\"image\":{\"@id\":\"https:\\\/\\\/comunitaria.es\\\/ca\\\/comunitaria-estrena-la-seva-nova-web\\\/#primaryimage\"},\"thumbnailUrl\":\"https:\\\/\\\/comunitaria.es\\\/wp-content\\\/uploads\\\/2019\\\/05\\\/Noticia.png\",\"datePublished\":\"2019-05-09T18:42:18+00:00\",\"dateModified\":\"2020-07-08T08:42:41+00:00\",\"breadcrumb\":{\"@id\":\"https:\\\/\\\/comunitaria.es\\\/ca\\\/comunitaria-estrena-la-seva-nova-web\\\/#breadcrumb\"},\"inLanguage\":\"ca\",\"potentialAction\":[{\"@type\":\"ReadAction\",\"target\":[\"https:\\\/\\\/comunitaria.es\\\/ca\\\/comunitaria-estrena-la-seva-nova-web\\\/\"]}]},{\"@type\":\"ImageObject\",\"inLanguage\":\"ca\",\"@id\":\"https:\\\/\\\/comunitaria.es\\\/ca\\\/comunitaria-estrena-la-seva-nova-web\\\/#primaryimage\",\"url\":\"https:\\\/\\\/comunitaria.es\\\/wp-content\\\/uploads\\\/2019\\\/05\\\/Noticia.png\",\"contentUrl\":\"https:\\\/\\\/comunitaria.es\\\/wp-content\\\/uploads\\\/2019\\\/05\\\/Noticia.png\",\"width\":3750,\"height\":2500},{\"@type\":\"BreadcrumbList\",\"@id\":\"https:\\\/\\\/comunitaria.es\\\/ca\\\/comunitaria-estrena-la-seva-nova-web\\\/#breadcrumb\",\"itemListElement\":[{\"@type\":\"ListItem\",\"position\":1,\"name\":\"Portada\",\"item\":\"https:\\\/\\\/comunitaria.es\\\/ca\\\/\"},{\"@type\":\"ListItem\",\"position\":2,\"name\":\"Comunit\u00e0ria Estrena la seva nova Web\"}]},{\"@type\":\"WebSite\",\"@id\":\"https:\\\/\\\/comunitaria.es\\\/ca\\\/#website\",\"url\":\"https:\\\/\\\/comunitaria.es\\\/ca\\\/\",\"name\":\"Comunit\u00e0ria - Administraci\u00f3 i Serveis\",\"description\":\"\",\"publisher\":{\"@id\":\"https:\\\/\\\/comunitaria.es\\\/ca\\\/#organization\"},\"potentialAction\":[{\"@type\":\"SearchAction\",\"target\":{\"@type\":\"EntryPoint\",\"urlTemplate\":\"https:\\\/\\\/comunitaria.es\\\/ca\\\/?s={search_term_string}\"},\"query-input\":{\"@type\":\"PropertyValueSpecification\",\"valueRequired\":true,\"valueName\":\"search_term_string\"}}],\"inLanguage\":\"ca\"},{\"@type\":\"Organization\",\"@id\":\"https:\\\/\\\/comunitaria.es\\\/ca\\\/#organization\",\"name\":\"Comunitaria Administraci\u00f3 i Serveis SL\",\"url\":\"https:\\\/\\\/comunitaria.es\\\/ca\\\/\",\"logo\":{\"@type\":\"ImageObject\",\"inLanguage\":\"ca\",\"@id\":\"https:\\\/\\\/comunitaria.es\\\/ca\\\/#\\\/schema\\\/logo\\\/image\\\/\",\"url\":\"https:\\\/\\\/www.comunitaria.es\\\/wp-content\\\/uploads\\\/2020\\\/05\\\/logo-comunitaria-25.png\",\"contentUrl\":\"https:\\\/\\\/www.comunitaria.es\\\/wp-content\\\/uploads\\\/2020\\\/05\\\/logo-comunitaria-25.png\",\"width\":225,\"height\":104,\"caption\":\"Comunitaria Administraci\u00f3 i Serveis SL\"},\"image\":{\"@id\":\"https:\\\/\\\/comunitaria.es\\\/ca\\\/#\\\/schema\\\/logo\\\/image\\\/\"}},{\"@type\":\"Person\",\"@id\":\"https:\\\/\\\/comunitaria.es\\\/ca\\\/#\\\/schema\\\/person\\\/2a36b19753560c6dc21f74a3e203685e\",\"name\":\"Jordi Rabinat\",\"image\":{\"@type\":\"ImageObject\",\"inLanguage\":\"ca\",\"@id\":\"https:\\\/\\\/secure.gravatar.com\\\/avatar\\\/3cd1bf0f1725d960583d0a5f495cb186f775ab8484b40ea4de0a067d699dadd0?s=96&d=mm&r=g\",\"url\":\"https:\\\/\\\/secure.gravatar.com\\\/avatar\\\/3cd1bf0f1725d960583d0a5f495cb186f775ab8484b40ea4de0a067d699dadd0?s=96&d=mm&r=g\",\"contentUrl\":\"https:\\\/\\\/secure.gravatar.com\\\/avatar\\\/3cd1bf0f1725d960583d0a5f495cb186f775ab8484b40ea4de0a067d699dadd0?s=96&d=mm&r=g\",\"caption\":\"Jordi Rabinat\"},\"sameAs\":[\"http:\\\/\\\/comunitaria\"]}]}<\/script>\n<!-- \/ Yoast SEO plugin. -->","yoast_head_json":{"title":"Comunit\u00e0ria Estrena la seva nova Web - Comunit\u00e0ria - Administraci\u00f3 i Serveis","robots":{"index":"index","follow":"follow","max-snippet":"max-snippet:-1","max-image-preview":"max-image-preview:large","max-video-preview":"max-video-preview:-1"},"canonical":"https:\/\/comunitaria.es\/ca\/comunitaria-estrena-la-seva-nova-web\/","og_locale":"ca_ES","og_type":"article","og_title":"Comunit\u00e0ria Estrena la seva nova Web - Comunit\u00e0ria - Administraci\u00f3 i Serveis","og_description":"Comunit\u00e0ria estrena la seva nova Web amb una imatge visual m\u00e9s clara i moderna per a facilitar als usuaris la seva interacci\u00f3 en ella.","og_url":"https:\/\/comunitaria.es\/ca\/comunitaria-estrena-la-seva-nova-web\/","og_site_name":"Comunit\u00e0ria - Administraci\u00f3 i Serveis","article_published_time":"2019-05-09T18:42:18+00:00","article_modified_time":"2020-07-08T08:42:41+00:00","og_image":[{"width":1024,"height":683,"url":"https:\/\/www.comunitaria.es\/wp-content\/uploads\/2019\/05\/Noticia-1024x683.png","type":"image\/png"}],"author":"Jordi Rabinat","twitter_card":"summary_large_image","twitter_misc":{"Written by":"Jordi Rabinat"},"schema":{"@context":"https:\/\/schema.org","@graph":[{"@type":"Article","@id":"https:\/\/comunitaria.es\/ca\/comunitaria-estrena-la-seva-nova-web\/#article","isPartOf":{"@id":"https:\/\/comunitaria.es\/ca\/comunitaria-estrena-la-seva-nova-web\/"},"author":{"name":"Jordi Rabinat","@id":"https:\/\/comunitaria.es\/ca\/#\/schema\/person\/2a36b19753560c6dc21f74a3e203685e"},"headline":"Comunit\u00e0ria Estrena la seva nova Web","datePublished":"2019-05-09T18:42:18+00:00","dateModified":"2020-07-08T08:42:41+00:00","mainEntityOfPage":{"@id":"https:\/\/comunitaria.es\/ca\/comunitaria-estrena-la-seva-nova-web\/"},"wordCount":33,"publisher":{"@id":"https:\/\/comunitaria.es\/ca\/#organization"},"image":{"@id":"https:\/\/comunitaria.es\/ca\/comunitaria-estrena-la-seva-nova-web\/#primaryimage"},"thumbnailUrl":"https:\/\/comunitaria.es\/wp-content\/uploads\/2019\/05\/Noticia.png","articleSection":["Noticies"],"inLanguage":"ca"},{"@type":"WebPage","@id":"https:\/\/comunitaria.es\/ca\/comunitaria-estrena-la-seva-nova-web\/","url":"https:\/\/comunitaria.es\/ca\/comunitaria-estrena-la-seva-nova-web\/","name":"Comunit\u00e0ria Estrena la seva nova Web - Comunit\u00e0ria - Administraci\u00f3 i Serveis","isPartOf":{"@id":"https:\/\/comunitaria.es\/ca\/#website"},"primaryImageOfPage":{"@id":"https:\/\/comunitaria.es\/ca\/comunitaria-estrena-la-seva-nova-web\/#primaryimage"},"image":{"@id":"https:\/\/comunitaria.es\/ca\/comunitaria-estrena-la-seva-nova-web\/#primaryimage"},"thumbnailUrl":"https:\/\/comunitaria.es\/wp-content\/uploads\/2019\/05\/Noticia.png","datePublished":"2019-05-09T18:42:18+00:00","dateModified":"2020-07-08T08:42:41+00:00","breadcrumb":{"@id":"https:\/\/comunitaria.es\/ca\/comunitaria-estrena-la-seva-nova-web\/#breadcrumb"},"inLanguage":"ca","potentialAction":[{"@type":"ReadAction","target":["https:\/\/comunitaria.es\/ca\/comunitaria-estrena-la-seva-nova-web\/"]}]},{"@type":"ImageObject","inLanguage":"ca","@id":"https:\/\/comunitaria.es\/ca\/comunitaria-estrena-la-seva-nova-web\/#primaryimage","url":"https:\/\/comunitaria.es\/wp-content\/uploads\/2019\/05\/Noticia.png","contentUrl":"https:\/\/comunitaria.es\/wp-content\/uploads\/2019\/05\/Noticia.png","width":3750,"height":2500},{"@type":"BreadcrumbList","@id":"https:\/\/comunitaria.es\/ca\/comunitaria-estrena-la-seva-nova-web\/#breadcrumb","itemListElement":[{"@type":"ListItem","position":1,"name":"Portada","item":"https:\/\/comunitaria.es\/ca\/"},{"@type":"ListItem","position":2,"name":"Comunit\u00e0ria Estrena la seva nova Web"}]},{"@type":"WebSite","@id":"https:\/\/comunitaria.es\/ca\/#website","url":"https:\/\/comunitaria.es\/ca\/","name":"Comunit\u00e0ria - Administraci\u00f3 i Serveis","description":"","publisher":{"@id":"https:\/\/comunitaria.es\/ca\/#organization"},"potentialAction":[{"@type":"SearchAction","target":{"@type":"EntryPoint","urlTemplate":"https:\/\/comunitaria.es\/ca\/?s={search_term_string}"},"query-input":{"@type":"PropertyValueSpecification","valueRequired":true,"valueName":"search_term_string"}}],"inLanguage":"ca"},{"@type":"Organization","@id":"https:\/\/comunitaria.es\/ca\/#organization","name":"Comunitaria Administraci\u00f3 i Serveis SL","url":"https:\/\/comunitaria.es\/ca\/","logo":{"@type":"ImageObject","inLanguage":"ca","@id":"https:\/\/comunitaria.es\/ca\/#\/schema\/logo\/image\/","url":"https:\/\/www.comunitaria.es\/wp-content\/uploads\/2020\/05\/logo-comunitaria-25.png","contentUrl":"https:\/\/www.comunitaria.es\/wp-content\/uploads\/2020\/05\/logo-comunitaria-25.png","width":225,"height":104,"caption":"Comunitaria Administraci\u00f3 i Serveis SL"},"image":{"@id":"https:\/\/comunitaria.es\/ca\/#\/schema\/logo\/image\/"}},{"@type":"Person","@id":"https:\/\/comunitaria.es\/ca\/#\/schema\/person\/2a36b19753560c6dc21f74a3e203685e","name":"Jordi Rabinat","image":{"@type":"ImageObject","inLanguage":"ca","@id":"https:\/\/secure.gravatar.com\/avatar\/3cd1bf0f1725d960583d0a5f495cb186f775ab8484b40ea4de0a067d699dadd0?s=96&d=mm&r=g","url":"https:\/\/secure.gravatar.com\/avatar\/3cd1bf0f1725d960583d0a5f495cb186f775ab8484b40ea4de0a067d699dadd0?s=96&d=mm&r=g","contentUrl":"https:\/\/secure.gravatar.com\/avatar\/3cd1bf0f1725d960583d0a5f495cb186f775ab8484b40ea4de0a067d699dadd0?s=96&d=mm&r=g","caption":"Jordi Rabinat"},"sameAs":["http:\/\/comunitaria"]}]}},"_links":{"self":[{"href":"https:\/\/comunitaria.es\/ca\/wp-json\/wp\/v2\/posts\/3634","targetHints":{"allow":["GET"]}}],"collection":[{"href":"https:\/\/comunitaria.es\/ca\/wp-json\/wp\/v2\/posts"}],"about":[{"href":"https:\/\/comunitaria.es\/ca\/wp-json\/wp\/v2\/types\/post"}],"author":[{"embeddable":true,"href":"https:\/\/comunitaria.es\/ca\/wp-json\/wp\/v2\/users\/2"}],"replies":[{"embeddable":true,"href":"https:\/\/comunitaria.es\/ca\/wp-json\/wp\/v2\/comments?post=3634"}],"version-history":[{"count":3,"href":"https:\/\/comunitaria.es\/ca\/wp-json\/wp\/v2\/posts\/3634\/revisions"}],"predecessor-version":[{"id":4747,"href":"https:\/\/comunitaria.es\/ca\/wp-json\/wp\/v2\/posts\/3634\/revisions\/4747"}],"wp:featuredmedia":[{"embeddable":true,"href":"https:\/\/comunitaria.es\/ca\/wp-json\/wp\/v2\/media\/3631"}],"wp:attachment":[{"href":"https:\/\/comunitaria.es\/ca\/wp-json\/wp\/v2\/media?parent=3634"}],"wp:term":[{"taxonomy":"category","embeddable":true,"href":"https:\/\/comunitaria.es\/ca\/wp-json\/wp\/v2\/categories?post=3634"},{"taxonomy":"post_tag","embeddable":true,"href":"https:\/\/comunitaria.es\/ca\/wp-json\/wp\/v2\/tags?post=3634"}],"curies":[{"name":"wp","href":"https:\/\/api.w.org\/{rel}","templated":true}]}}